{"id":110072,"date":"2026-02-17T13:07:18","date_gmt":"2026-02-17T13:07:18","guid":{"rendered":"https:\/\/www.europesays.com\/ee\/110072\/"},"modified":"2026-02-17T13:07:18","modified_gmt":"2026-02-17T13:07:18","slug":"algab-eesti-pikima-ajalooga-investeerimismang","status":"publish","type":"post","link":"https:\/\/www.europesays.com\/ee\/110072\/","title":{"rendered":"Algab Eesti pikima ajalooga investeerimism\u00e4ng"},"content":{"rendered":"<p>LHV investorkogukonna juhi Nelli Jansoni s\u00f5nul on B\u00f6rsihai olnud paljudele praegustele investoritele h\u00fcppelaud investeerimise p\u00f5nevasse maailma. \u00abEsimene B\u00f6rsihai toimus juba 2001. aastal, kui rahatarkuse m\u00f5iste \u00fchiskonnas veel kulutulena ei levinud. Paljud varasemad m\u00e4ngijad on n\u00fc\u00fcdseks tublid investorid, kes \u00f5petavad finantskirjaoskust juba oma lastele. Seega on B\u00f6rsihail olnud Eesti investorkogukonna kasvatamisel p\u00f5lvkonna\u00fclene m\u00f5ju,\u00bb \u00fctles Janson.<\/p>\n","protected":false},"excerpt":{"rendered":"LHV investorkogukonna juhi Nelli Jansoni s\u00f5nul on B\u00f6rsihai olnud paljudele praegustele investoritele h\u00fcppelaud investeerimise p\u00f5nevasse maailma. \u00abEsimene B\u00f6rsihai&hellip;\n","protected":false},"author":2,"featured_media":110073,"comment_status":"","ping_status":"","sticky":false,"template":"","format":"standard","meta":{"footnotes":"","_share_on_mastodon":"0"},"categories":[14],"tags":[131,52234,130,37,33,35,34,36,33929,52238,52237,3243,52233,52235,19534,8351,52236],"class_list":["post-110072","post","type-post","status-publish","format-standard","has-post-thumbnail","category-ari","tag-ari","tag-borsihai","tag-business","tag-ee","tag-eesti","tag-eesti-keel","tag-estonia","tag-estonian","tag-finantsharidus","tag-investeerimismang","tag-investeerimisvoistlus","tag-lhv","tag-lhv-investeerimismang","tag-lhv-investorkogukond","tag-nelli-janson","tag-rahatarkus","tag-virtuaalraha"],"share_on_mastodon":{"url":"https:\/\/pubeurope.com\/@ee\/116086128259321961","error":""},"_links":{"self":[{"href":"https:\/\/www.europesays.com\/ee\/wp-json\/wp\/v2\/posts\/110072","targetHints":{"allow":["GET"]}}],"collection":[{"href":"https:\/\/www.europesays.com\/ee\/wp-json\/wp\/v2\/posts"}],"about":[{"href":"https:\/\/www.europesays.com\/ee\/wp-json\/wp\/v2\/types\/post"}],"author":[{"embeddable":true,"href":"https:\/\/www.europesays.com\/ee\/wp-json\/wp\/v2\/users\/2"}],"replies":[{"embeddable":true,"href":"https:\/\/www.europesays.com\/ee\/wp-json\/wp\/v2\/comments?post=110072"}],"version-history":[{"count":0,"href":"https:\/\/www.europesays.com\/ee\/wp-json\/wp\/v2\/posts\/110072\/revisions"}],"wp:featuredmedia":[{"embeddable":true,"href":"https:\/\/www.europesays.com\/ee\/wp-json\/wp\/v2\/media\/110073"}],"wp:attachment":[{"href":"https:\/\/www.europesays.com\/ee\/wp-json\/wp\/v2\/media?parent=110072"}],"wp:term":[{"taxonomy":"category","embeddable":true,"href":"https:\/\/www.europesays.com\/ee\/wp-json\/wp\/v2\/categories?post=110072"},{"taxonomy":"post_tag","embeddable":true,"href":"https:\/\/www.europesays.com\/ee\/wp-json\/wp\/v2\/tags?post=110072"}],"curies":[{"name":"wp","href":"https:\/\/api.w.org\/{rel}","templated":true}]}}