{"id":110088,"date":"2026-02-17T13:21:21","date_gmt":"2026-02-17T13:21:21","guid":{"rendered":"https:\/\/www.europesays.com\/ee\/110088\/"},"modified":"2026-02-17T13:21:21","modified_gmt":"2026-02-17T13:21:21","slug":"maaruse-eelnou-kohaselt-touseb-keskmine-vanaduspension-1-aprillist-860-eurole","status":"publish","type":"post","link":"https:\/\/www.europesays.com\/ee\/110088\/","title":{"rendered":"M\u00e4\u00e4ruse eeln\u00f5u kohaselt t\u00f5useb keskmine vanaduspension 1. aprillist 860 eurole"},"content":{"rendered":"<p>        <img width=\"1200\" height=\"675\" src=\"https:\/\/www.europesays.com\/ee\/wp-content\/uploads\/2026\/02\/fff2b640f67d0f1a6b09166ffd54e2e3.jpg\" class=\"img-fluid wp-post-image\" alt=\"\" itemprop=\"thumbnailUrl\" data-zoom-src=\"https:\/\/www.europesays.com\/ee\/wp-content\/uploads\/2026\/02\/fff2b640f67d0f1a6b09166ffd54e2e3.jpg\" decoding=\"async\" fetchpriority=\"high\"  \/><\/p>\n<p>  Riik arvutab pensionid igal kevadel \u00fcmber, et hoida pensionid tasakaalus palkade ja hindade muutustega.  Foto: Depositphotos  <\/p>\n<p>              PRO tellijale<\/p>\n<p>T\u00e4na saatis sotsiaalminister Karmen Joller koosk\u00f5lastusringile m\u00e4\u00e4ruse riikliku pensioni 2026. aasta indeksi v\u00e4\u00e4rtuse kinnitamise eeln\u00f5u, millega t\u00f5useb alates 1. aprillist keskmine vanaduspension 5,3 protsenti ehk 43 euro v\u00f5rra t\u00e4naselt 817-lt eurolt 860 eurole. Rahvapension t\u00f5useb 414 eurole kuus.<\/p>\n<p>Riik arvutab pensionid igal kevadel \u00fcmber, et hoida pensionid tasakaalus palkade ja hindade muutustega. Statistikaameti andmetel t\u00f5usid 2025. aastal hinnad 4,8 protsenti ja keskmine pension suureneb \u00fcle viie protsendi ehk veidi kiiremini kui hinnat\u00f5us.<\/p>\n<p>Jolleri s\u00f5nul tasub enne pensionile j\u00e4\u00e4mist uurida, millised on paindliku pensioni v\u00f5imalused, et kogutud pensionivara ning maksusoodustusi v\u00f5imalikult targalt kasutada.<\/p>\n<p class=\"text-center haas small\">See lugu on PRO tellijatele.<\/p>\n<ul class=\"small pl-4\">\n<li>Ligip\u00e4\u00e4s PRO portaalidele (RMP, \u00c4ri, DigiPro, Rikas ja E-kaubandus).<\/li>\n<li>\u00dcle 2000 raamatupidaja t\u00f6\u00f6ks vajaliku jooksvalt ajakohastatud t\u00f6\u00f6riista, juhendi ja n\u00f5uande (sealhulgas \u00fcle 50 abitabeli).<\/li>\n<li class=\"WPT7ge\">RMP toimetuse <a href=\"https:\/\/rmp.geenius.ee\/koolituskalender\/valdkonnad\/koolitusfirmad\/rmp-eesti\/\" target=\"_blank\" rel=\"noopener nofollow\">korraldatud koolitustele<\/a> soodustus v\u00e4hemalt 25 eurot.<\/li>\n<li class=\"WPT7ge\">Ligip\u00e4\u00e4su Geeniuse seitsme teemaportaali tasulisele sisule.<\/li>\n<li class=\"WPT7ge\">Ajakirjade Autoleht, Autoleht Ekstra ja Digi artiklite lugemis\u00f5igust veebis.<\/li>\n<li class=\"WPT7ge\">Ajakirja Digi paberv\u00e4ljaannet. Selle saamiseks saada palun oma aadress aadressile <a href=\"https:\/\/rmp.geenius.ee\/cdn-cgi\/l\/email-protection\" class=\"__cf_email__\" data-cfemail=\"c7b3a2ababae87a0a2a2a9aeb2b4e9a2a2\" rel=\"nofollow noopener\" target=\"_blank\">[email\u00a0protected]<\/a>. Paberajakirja saad tellida ainult Eesti aadressile.<\/li>\n<\/ul>\n<p class=\"text-center haas small pb-4 mb-0\">Soovid maksta arvega, teha hulgitellimuse v\u00f5i otsid teistsugust tellimust?<br \/>\n              <a href=\"https:\/\/rmp.geenius.ee\/tellimine\/\" rel=\"nofollow noopener\" target=\"_blank\">K\u00f5ik tellimisv\u00f5imalused leiad siit.<\/a>\n          <\/p>\n<p class=\"mb-2\">Telli finantsvaldkonna uudised oma postkasti! Kolmap\u00e4eviti saadetav RMP N\u00e4dalakiri sisaldab raamatupidamise, maksunduse ja t\u00f6\u00f6\u00f5iguse uudiseid, spetsialistide artikleid, seadusemuudatusi, n\u00f5uandeid jpm.<\/p>\n<p>                    <img width=\"400\" height=\"379\" src=\"https:\/\/www.europesays.com\/ee\/wp-content\/uploads\/2025\/11\/fb51a5997136b6a5e7241366060c27f8.jpg\" class=\"img-fluid align-self-center\" alt=\"\" decoding=\"async\" loading=\"lazy\"  \/><\/p>\n<p class=\"pais rmp\">Samal teemal<\/p>\n<p>          <a href=\"https:\/\/rmp.geenius.ee\/uudised\/eelnoud\/maaruse-eelnou-kohaselt-touseb-keskmine-vanaduspension-1-aprillist-817-euroni\/\" rel=\"nofollow noopener\" target=\"_blank\"><\/p>\n<p>                <img width=\"360\" height=\"203\" src=\"https:\/\/www.europesays.com\/ee\/wp-content\/uploads\/2026\/02\/17bebb6757599ad4b3bb4a3ac6aca87f-360x203.jpg\" class=\"img-fluid wp-post-image\" alt=\"keskmine pension t\u00f5useb 1. aprillist 817 euroni\" itemprop=\"thumbnailUrl\" decoding=\"async\" loading=\"lazy\"  \/>              <\/p>\n<p>          <\/a><\/p>\n<p>          <a href=\"https:\/\/rmp.geenius.ee\/ettevotlus\/kasulikteada\/2026-aasta-sotsiaalkindlustuse-muudatused-pensionid-perehuvitised-ja-maksuarvestus\/\" rel=\"nofollow noopener\" target=\"_blank\"><\/p>\n<p>                <img width=\"360\" height=\"203\" src=\"https:\/\/www.europesays.com\/ee\/wp-content\/uploads\/2026\/02\/0eec0e5d373c137ad72548b779672ddd-360x203.jpg\" class=\"img-fluid wp-post-image\" alt=\"2026. aasta sotsiaalkindlustuse muudatused: pensionid, pereh\u00fcvitised ja maksuarvestus\" itemprop=\"thumbnailUrl\" decoding=\"async\" loading=\"lazy\"  \/>              <\/p>\n<p>          <\/a><\/p>\n<p>          <a href=\"https:\/\/rmp.geenius.ee\/ettevotlus\/kasulikteada\/2028-aastal-saab-minna-vanaduspensionile-65-aasta-ja-kolme-kuu-vanuses\/\" rel=\"nofollow noopener\" target=\"_blank\"><\/p>\n<p>                <img width=\"360\" height=\"203\" src=\"https:\/\/www.europesays.com\/ee\/wp-content\/uploads\/2026\/02\/cf43589c0edde3db5baf2cb20c66ca53-360x203.jpg\" class=\"img-fluid wp-post-image\" alt=\"2028. aastal saab minna vanaduspensionile 65 aasta ja kolme kuu vanuses\" itemprop=\"thumbnailUrl\" decoding=\"async\" loading=\"lazy\"  \/>              <\/p>\n<p>          <\/a><\/p>\n","protected":false},"excerpt":{"rendered":"Riik arvutab pensionid igal kevadel \u00fcmber, et hoida pensionid tasakaalus palkade ja hindade muutustega. Foto: Depositphotos PRO tellijale&hellip;\n","protected":false},"author":2,"featured_media":110089,"comment_status":"","ping_status":"","sticky":false,"template":"","format":"standard","meta":{"footnotes":"","_share_on_mastodon":"0"},"categories":[5],"tags":[26,27,37,33,35,34,36,31,32,21,28,29,19,777,52253,25,52254,52255,52256,23,24,22,20,21216,30],"class_list":["post-110088","post","type-post","status-publish","format-standard","has-post-thumbnail","category-uldised-uudised","tag-breaking-news","tag-breakingnews","tag-ee","tag-eesti","tag-eesti-keel","tag-estonia","tag-estonian","tag-featured-news","tag-featurednews","tag-headlines","tag-latest-news","tag-latestnews","tag-news","tag-pension","tag-pensioniindeks","tag-populaarseimad-lood","tag-rahvapension","tag-riiklik-pension","tag-toovoimetoetus","tag-top-stories","tag-topstories","tag-uldised-uudised","tag-uudised","tag-vanaduspension","tag-viimased-uudised"],"share_on_mastodon":{"url":"https:\/\/pubeurope.com\/@ee\/116086183302610839","error":""},"_links":{"self":[{"href":"https:\/\/www.europesays.com\/ee\/wp-json\/wp\/v2\/posts\/110088","targetHints":{"allow":["GET"]}}],"collection":[{"href":"https:\/\/www.europesays.com\/ee\/wp-json\/wp\/v2\/posts"}],"about":[{"href":"https:\/\/www.europesays.com\/ee\/wp-json\/wp\/v2\/types\/post"}],"author":[{"embeddable":true,"href":"https:\/\/www.europesays.com\/ee\/wp-json\/wp\/v2\/users\/2"}],"replies":[{"embeddable":true,"href":"https:\/\/www.europesays.com\/ee\/wp-json\/wp\/v2\/comments?post=110088"}],"version-history":[{"count":0,"href":"https:\/\/www.europesays.com\/ee\/wp-json\/wp\/v2\/posts\/110088\/revisions"}],"wp:featuredmedia":[{"embeddable":true,"href":"https:\/\/www.europesays.com\/ee\/wp-json\/wp\/v2\/media\/110089"}],"wp:attachment":[{"href":"https:\/\/www.europesays.com\/ee\/wp-json\/wp\/v2\/media?parent=110088"}],"wp:term":[{"taxonomy":"category","embeddable":true,"href":"https:\/\/www.europesays.com\/ee\/wp-json\/wp\/v2\/categories?post=110088"},{"taxonomy":"post_tag","embeddable":true,"href":"https:\/\/www.europesays.com\/ee\/wp-json\/wp\/v2\/tags?post=110088"}],"curies":[{"name":"wp","href":"https:\/\/api.w.org\/{rel}","templated":true}]}}