{"id":110107,"date":"2026-02-17T13:43:07","date_gmt":"2026-02-17T13:43:07","guid":{"rendered":"https:\/\/www.europesays.com\/ee\/110107\/"},"modified":"2026-02-17T13:43:07","modified_gmt":"2026-02-17T13:43:07","slug":"ene-taht-%e2%9f%a9-euroopa-kultuuripealinna-ambitsioon-eeldab-aastaid-sisulist-ettevalmistust","status":"publish","type":"post","link":"https:\/\/www.europesays.com\/ee\/110107\/","title":{"rendered":"ENE T\u00c4HT \u27e9 Euroopa kultuuripealinna ambitsioon eeldab aastaid sisulist ettevalmistust"},"content":{"rendered":"<p>Struktuurimuudatused on iga linnavalitsuse \u00f5igus ja vastutus. K\u00fcsimus ei ole selles, kas organisatsiooni v\u00f5ib \u00fcmber korraldada. K\u00fcsimus on selles, millist juhtimiskultuuri ja ambitsiooni me sellega toetame.<\/p>\n<p>Hariduse, kultuuri ja spordi \u00fchendamine v\u00f5ib paberil tunduda loogiline. Need valdkonnad on seotud inimese arenguga ja terviklik vaade lapsep\u00f5lvest t\u00e4iskasvanueani on sisuliselt p\u00f5hjendatud. Olen alati pidanud oluliseks, et huviharidus, lasteaed, kool, noorsoot\u00f6\u00f6, kultuur ja liikumine ei tegutseks eraldi, vaid moodustaksid \u00fchtse, koost\u00f6ise terviku. Ent \u00fchendamine olukorras, kus kaovad senised vision\u00e4\u00e4rid ja kootsid ning valdkondi eest vedavate t\u00f6\u00f6tajate arv v\u00e4heneb, ei ole pelgalt horisontaalsemaks muutmine. K\u00fcsimus on juba edaspidises v\u00f5imekuses.<\/p>\n<p>Hariduses, kultuuris ja spordis on viimastel aastatel teadlikult juurutatud kaasavat juhtimist. See t\u00e4hendas regulaarseid arutelusid, eesm\u00e4rgistamist, tagasisidestamist ja hallatavate asutuste juhtkondade (hallatavaid asutusi on kahe osakonna peale 40) ja valdkondi kureerivate spetsialistide v\u00f5imestamist. Juht ei olnud \u00fcksnes korralduste andja ega kontrollija, vaid valdkonda s\u00fcgavuti tundev vision\u00e4\u00e4r ja arengu toetaja. Selline juhtimismudel eeldab aega, kohalolu ja s\u00fcsteemset t\u00f6\u00f6d linnaametnikega, kes iga p\u00e4ev t\u00f6\u00f6tavad inimestega ja loovad seel\u00e4bi v\u00e4\u00e4rtust linnaelanike heaolusse.<\/p>\n","protected":false},"excerpt":{"rendered":"Struktuurimuudatused on iga linnavalitsuse \u00f5igus ja vastutus. K\u00fcsimus ei ole selles, kas organisatsiooni v\u00f5ib \u00fcmber korraldada. K\u00fcsimus on&hellip;\n","protected":false},"author":2,"featured_media":110108,"comment_status":"","ping_status":"","sticky":false,"template":"","format":"standard","meta":{"footnotes":"","_share_on_mastodon":"0"},"categories":[5],"tags":[26,27,37,33,35,34,36,31,32,406,21,8547,66,20995,176,28,29,19,1421,25,52264,159,23,24,22,52265,20,52266,30],"class_list":["post-110107","post","type-post","status-publish","format-standard","has-post-thumbnail","category-uldised-uudised","tag-breaking-news","tag-breakingnews","tag-ee","tag-eesti","tag-eesti-keel","tag-estonia","tag-estonian","tag-featured-news","tag-featurednews","tag-haridus","tag-headlines","tag-inimene","tag-juhtimine","tag-kaasamine","tag-kultuur","tag-latest-news","tag-latestnews","tag-news","tag-parnu","tag-populaarseimad-lood","tag-ressurss","tag-sport","tag-top-stories","tag-topstories","tag-uldised-uudised","tag-ulemineku","tag-uudised","tag-valdkondade-mitmekesisus","tag-viimased-uudised"],"share_on_mastodon":{"url":"https:\/\/pubeurope.com\/@ee\/116086269687632626","error":""},"_links":{"self":[{"href":"https:\/\/www.europesays.com\/ee\/wp-json\/wp\/v2\/posts\/110107","targetHints":{"allow":["GET"]}}],"collection":[{"href":"https:\/\/www.europesays.com\/ee\/wp-json\/wp\/v2\/posts"}],"about":[{"href":"https:\/\/www.europesays.com\/ee\/wp-json\/wp\/v2\/types\/post"}],"author":[{"embeddable":true,"href":"https:\/\/www.europesays.com\/ee\/wp-json\/wp\/v2\/users\/2"}],"replies":[{"embeddable":true,"href":"https:\/\/www.europesays.com\/ee\/wp-json\/wp\/v2\/comments?post=110107"}],"version-history":[{"count":0,"href":"https:\/\/www.europesays.com\/ee\/wp-json\/wp\/v2\/posts\/110107\/revisions"}],"wp:featuredmedia":[{"embeddable":true,"href":"https:\/\/www.europesays.com\/ee\/wp-json\/wp\/v2\/media\/110108"}],"wp:attachment":[{"href":"https:\/\/www.europesays.com\/ee\/wp-json\/wp\/v2\/media?parent=110107"}],"wp:term":[{"taxonomy":"category","embeddable":true,"href":"https:\/\/www.europesays.com\/ee\/wp-json\/wp\/v2\/categories?post=110107"},{"taxonomy":"post_tag","embeddable":true,"href":"https:\/\/www.europesays.com\/ee\/wp-json\/wp\/v2\/tags?post=110107"}],"curies":[{"name":"wp","href":"https:\/\/api.w.org\/{rel}","templated":true}]}}