{"id":110185,"date":"2026-02-17T15:11:06","date_gmt":"2026-02-17T15:11:06","guid":{"rendered":"https:\/\/www.europesays.com\/ee\/110185\/"},"modified":"2026-02-17T15:11:06","modified_gmt":"2026-02-17T15:11:06","slug":"delfi-olumpial-kristjan-ilves-mul-pole-midagi-habeneda-tegin-julgelt-oma-ara-akki-isegi-rohkem","status":"publish","type":"post","link":"https:\/\/www.europesays.com\/ee\/110185\/","title":{"rendered":"DELFI OL\u00dcMPIAL | Kristjan Ilves: mul pole midagi h\u00e4beneda. Tegin julgelt oma \u00e4ra, \u00e4kki isegi rohkem"},"content":{"rendered":"<p>Ilves alustas Teseros 10 km suusadistantsi kuuendalt positsioonilt. Stardis olid esimese \u00fcheksa mehe vahed v\u00e4ikesed, aga ennustatud stsenaarium, kus suur punt p\u00fcsib enamiku aja koos, tegelikkuseks ei osutunud.<\/p>\n<p>Teise ringi keskel l\u00e4ksid eest Jens Luraas Oftebro (Norra), Johannes Lamparter (Austria), Ilkka Herola (Soome) ja Andreas Skoglund (Norra). Selles j\u00e4rjestuses ka l\u00f5petati. Ilves v\u00f5ites esiti viienda koha nimel, kuid Eero Hirvonen (Soome) ja Einar Luraas Oftebro (Norra) olid tugevamad. 29-aastane eestlane kaotas Teserost juba teise kulla noppinud J. Oftebrole fini\u0161is 1.01,4. H\u00fcppem\u00e4el 33. tulemust n\u00e4idanud Ruubert Teder hoidis tervist ja suusatama ei tulnud.<\/p>\n<p>Ilves r\u00e4\u00e4kis p\u00e4rast v\u00f5istlust Eesti ajakirjanikele, et hommikuse h\u00fcppe eba\u00f5nnestunud maandumine p\u00e4eva l\u00f5puks otsustavaks ei saanud. Ta oleks kuuenda koha asemel alustanud kolmandalt, aga Oftebro, Lamparter ja Herola jaksasid teistest selgelt rohkem. <\/p>\n<p>Oled juba tellija?Logi sisse<\/p>\n<p><a href=\"https:\/\/sport.delfi.ee\/artikkel\/120436901\/delfi-olumpial-kristjan-ilves-mul-pole-midagi-habeneda-tegin-julgelt-oma-ara-akki-isegi-rohkem\/kommentaarid\" class=\"article-body-bottom__comment article-body-bottom__comment--write button button--primary button--size-auto\" rel=\"nofollow noopener\" target=\"_blank\"> Kommenteeri <\/a><a href=\"https:\/\/sport.delfi.ee\/artikkel\/120436901\/delfi-olumpial-kristjan-ilves-mul-pole-midagi-habeneda-tegin-julgelt-oma-ara-akki-isegi-rohkem\/kommentaarid\" class=\"article-body-bottom__comment article-body-bottom__comment--read button button--size-auto\" rel=\"nofollow noopener\" target=\"_blank\"> Loe kommentaare (3)<\/a><\/p>\n","protected":false},"excerpt":{"rendered":"Ilves alustas Teseros 10 km suusadistantsi kuuendalt positsioonilt. Stardis olid esimese \u00fcheksa mehe vahed v\u00e4ikesed, aga ennustatud stsenaarium,&hellip;\n","protected":false},"author":2,"featured_media":110186,"comment_status":"","ping_status":"","sticky":false,"template":"","format":"standard","meta":{"footnotes":"","_share_on_mastodon":"0"},"categories":[5],"tags":[26,27,37,33,35,34,36,31,32,21,1909,28,29,3311,19,25,35234,23,24,22,20,30],"class_list":["post-110185","post","type-post","status-publish","format-standard","has-post-thumbnail","category-uldised-uudised","tag-breaking-news","tag-breakingnews","tag-ee","tag-eesti","tag-eesti-keel","tag-estonia","tag-estonian","tag-featured-news","tag-featurednews","tag-headlines","tag-kristjan-ilves","tag-latest-news","tag-latestnews","tag-milano-cortina-taliolumpiamangud","tag-news","tag-populaarseimad-lood","tag-ruubert-teder","tag-top-stories","tag-topstories","tag-uldised-uudised","tag-uudised","tag-viimased-uudised"],"share_on_mastodon":{"url":"https:\/\/pubeurope.com\/@ee\/116086615742209588","error":""},"_links":{"self":[{"href":"https:\/\/www.europesays.com\/ee\/wp-json\/wp\/v2\/posts\/110185","targetHints":{"allow":["GET"]}}],"collection":[{"href":"https:\/\/www.europesays.com\/ee\/wp-json\/wp\/v2\/posts"}],"about":[{"href":"https:\/\/www.europesays.com\/ee\/wp-json\/wp\/v2\/types\/post"}],"author":[{"embeddable":true,"href":"https:\/\/www.europesays.com\/ee\/wp-json\/wp\/v2\/users\/2"}],"replies":[{"embeddable":true,"href":"https:\/\/www.europesays.com\/ee\/wp-json\/wp\/v2\/comments?post=110185"}],"version-history":[{"count":0,"href":"https:\/\/www.europesays.com\/ee\/wp-json\/wp\/v2\/posts\/110185\/revisions"}],"wp:featuredmedia":[{"embeddable":true,"href":"https:\/\/www.europesays.com\/ee\/wp-json\/wp\/v2\/media\/110186"}],"wp:attachment":[{"href":"https:\/\/www.europesays.com\/ee\/wp-json\/wp\/v2\/media?parent=110185"}],"wp:term":[{"taxonomy":"category","embeddable":true,"href":"https:\/\/www.europesays.com\/ee\/wp-json\/wp\/v2\/categories?post=110185"},{"taxonomy":"post_tag","embeddable":true,"href":"https:\/\/www.europesays.com\/ee\/wp-json\/wp\/v2\/tags?post=110185"}],"curies":[{"name":"wp","href":"https:\/\/api.w.org\/{rel}","templated":true}]}}