{"id":110232,"date":"2026-02-17T16:06:07","date_gmt":"2026-02-17T16:06:07","guid":{"rendered":"https:\/\/www.europesays.com\/ee\/110232\/"},"modified":"2026-02-17T16:06:07","modified_gmt":"2026-02-17T16:06:07","slug":"foto-kalur-avastas-peipsi-jarve-jaalt-ohupalli-salasigarettidega","status":"publish","type":"post","link":"https:\/\/www.europesays.com\/ee\/110232\/","title":{"rendered":"FOTO | Kalur avastas Peipsi j\u00e4rve j\u00e4\u00e4lt \u00f5hupalli salasigarettidega"},"content":{"rendered":"<p>\u00d5hupalli m\u00e4rkas t\u00e4na kella 11.42 ajal kohalik kalur, kes andis sellest piirivalvuritele teada. <\/p>\n<p>Varnja piirivalvurid s\u00f5itsid saanidega s\u00fcndmuskohale ning leidsid Peipsi j\u00e4rve j\u00e4\u00e4lt ajutisest    kontrolljoonest umbes kolme kilomeetri kaugusel valge \u00f5hupalli, mille k\u00fcljes kolm kasti. Piirivalvurid tuvastasid, et kastides olid salasigaretid. Need v\u00f5eti \u00fches \u00f5hupalliga kaasa ning viidi esmalt piirivalvekordonisse. <\/p>\n<p>Valgevene maksum\u00e4rkidega salasigaretid anti  \u00fcle maksu- ja tolliametile. Maksu- ja tolliameti           uurimisosakonna ametnikud avastasid \u00f5hupalli                               k\u00fclge kinnitatud kastidest kokku 30 000 Valgevene maksum\u00e4rkidega sigaretti.<\/p>\n<p><img decoding=\"async\" src=\"https:\/\/www.europesays.com\/ee\/wp-content\/uploads\/2026\/02\/88d347e1-25e9-40b1-8b37-33afe901449c.jpg\" loading=\"lazy\" alt=\"Salakaup Peipsi j\u00e4rve j\u00e4\u00e4l\"\/><\/p>\n<p>L\u00f5una piirivalveb\u00fcroo juhi Meelis Saarepuu s\u00f5nul on Eestisse j\u00f5udnud sigarettide n\u00e4ol         suure t\u00f5en\u00e4osusega tegemist Valgevenest Euroopasse saadetud salakaubaga.                \u201eKuna seni on taoliste \u00f5hupallide liikumine olnud aktiivsem just L\u00e4tis ja Leedus, siis oleme varemgi nendega infot            vahetanud ning suhtleme ka t\u00e4nase juhtumi valguses t\u00e4iendavalt sealsete kolleegidega,\u201c m\u00e4rkis ta.<\/p>\n<p>\u201eL\u00e4hinaabrite s\u00f5nul on salakaupa vedavate pallide                         liikumisteekond ettearvamatu. See s\u00f5ltub suuresti tuulest ja ilmastikuoludest ning on sageli prognoosimatu, kus need alla tulevad. T\u00e4na Peipsi j\u00e4rvel avastatud palli liikumistrajektoor on veel selgitamisel,\u201c lisas Saarepuu.<\/p>\n<p>Maksu- ja tolliameti uurimisosakonna juhataja Rain Kuusi s\u00f5nul ei ole salakauba toimetamine \u00f5hupalliga Eestis esmakordne juhtum. \u201eKa varem on Eestisse j\u00f5udnud salakaupa vedanud \u00f5hupalle, kuid senistel juhtudel on need siia maandunud ilmastikuolude t\u00f5ttu juhuslikult ning Eesti ei ole olnud     nende sihtriik. Praegu anal\u00fc\u00fcsime k\u00f5iki asjaolusid, et selgitada v\u00e4lja, kas seekord p\u00fc\u00fcti salakaupa Eestisse toimetada sihip\u00e4raselt,\u201c \u00fctles Kuus.<\/p>\n<p>Juhtumi t\u00e4psemate asjaolude v\u00e4ljaselgitamiseks on maksu- ja tolliamet alustanud v\u00e4\u00e4rteomenetlust.<\/p>\n<p>Kui keegi m\u00e4rkab \u00f5hus lendamas tundmatut kahtlast objekti, palutakse sellest teada anda numbril 112.<\/p>\n<p><a href=\"https:\/\/www.delfi.ee\/artikkel\/120436936\/foto-kalur-avastas-peipsi-jarve-jaalt-ohupalli-salasigarettidega\/kommentaarid\" class=\"article-body-bottom__comment article-body-bottom__comment--write button button--primary button--size-auto\" rel=\"nofollow noopener\" target=\"_blank\"> Kommenteeri <\/a><a href=\"https:\/\/www.delfi.ee\/artikkel\/120436936\/foto-kalur-avastas-peipsi-jarve-jaalt-ohupalli-salasigarettidega\/kommentaarid\" class=\"article-body-bottom__comment article-body-bottom__comment--read button button--size-auto\" rel=\"nofollow noopener\" target=\"_blank\"> Loe kommentaare (47)<\/a><\/p>\n","protected":false},"excerpt":{"rendered":"\u00d5hupalli m\u00e4rkas t\u00e4na kella 11.42 ajal kohalik kalur, kes andis sellest piirivalvuritele teada. Varnja piirivalvurid s\u00f5itsid saanidega s\u00fcndmuskohale&hellip;\n","protected":false},"author":2,"featured_media":110233,"comment_status":"","ping_status":"","sticky":false,"template":"","format":"standard","meta":{"footnotes":"","_share_on_mastodon":"0"},"categories":[5],"tags":[26,27,37,33,35,34,36,31,32,21,28,29,2871,19,726,25,15417,23,24,22,20,2170,30],"class_list":["post-110232","post","type-post","status-publish","format-standard","has-post-thumbnail","category-uldised-uudised","tag-breaking-news","tag-breakingnews","tag-ee","tag-eesti","tag-eesti-keel","tag-estonia","tag-estonian","tag-featured-news","tag-featurednews","tag-headlines","tag-latest-news","tag-latestnews","tag-maksu-ja-tolliamet","tag-news","tag-peipsi","tag-populaarseimad-lood","tag-salasigaretid","tag-top-stories","tag-topstories","tag-uldised-uudised","tag-uudised","tag-valgevene","tag-viimased-uudised"],"share_on_mastodon":{"url":"https:\/\/pubeurope.com\/@ee\/116086832013910397","error":""},"_links":{"self":[{"href":"https:\/\/www.europesays.com\/ee\/wp-json\/wp\/v2\/posts\/110232","targetHints":{"allow":["GET"]}}],"collection":[{"href":"https:\/\/www.europesays.com\/ee\/wp-json\/wp\/v2\/posts"}],"about":[{"href":"https:\/\/www.europesays.com\/ee\/wp-json\/wp\/v2\/types\/post"}],"author":[{"embeddable":true,"href":"https:\/\/www.europesays.com\/ee\/wp-json\/wp\/v2\/users\/2"}],"replies":[{"embeddable":true,"href":"https:\/\/www.europesays.com\/ee\/wp-json\/wp\/v2\/comments?post=110232"}],"version-history":[{"count":0,"href":"https:\/\/www.europesays.com\/ee\/wp-json\/wp\/v2\/posts\/110232\/revisions"}],"wp:featuredmedia":[{"embeddable":true,"href":"https:\/\/www.europesays.com\/ee\/wp-json\/wp\/v2\/media\/110233"}],"wp:attachment":[{"href":"https:\/\/www.europesays.com\/ee\/wp-json\/wp\/v2\/media?parent=110232"}],"wp:term":[{"taxonomy":"category","embeddable":true,"href":"https:\/\/www.europesays.com\/ee\/wp-json\/wp\/v2\/categories?post=110232"},{"taxonomy":"post_tag","embeddable":true,"href":"https:\/\/www.europesays.com\/ee\/wp-json\/wp\/v2\/tags?post=110232"}],"curies":[{"name":"wp","href":"https:\/\/api.w.org\/{rel}","templated":true}]}}