{"id":110261,"date":"2026-02-17T16:48:06","date_gmt":"2026-02-17T16:48:06","guid":{"rendered":"https:\/\/www.europesays.com\/ee\/110261\/"},"modified":"2026-02-17T16:48:06","modified_gmt":"2026-02-17T16:48:06","slug":"gaza-rahuprotsess-on-ohus-hamas-ei-kavatse-uhepoolselt-relvadest-loobuda","status":"publish","type":"post","link":"https:\/\/www.europesays.com\/ee\/110261\/","title":{"rendered":"Gaza rahuprotsess on ohus. Hamas ei kavatse \u00fchepoolselt relvadest loobuda"},"content":{"rendered":"<p class=\"p1\">\u201eMeie seisukoht selles k\u00fcsimuses on v\u00e4ga selge,\u201c \u00fctles \u00fcks Hamasi liidreid Basem Naim. \u201eEnne desarmeerimisest v\u00f5i relvade konfiskeerimisest r\u00e4\u00e4kimist peavad meie arvates Netanyahu ja tema ekstremistlik valitsus koos vahendajate ja Ameerika \u00dchendriikide k\u00e4endajaga tagama esimeses etapis kokkulepitu t\u00e4ieliku rakendamise, et Gaza humanitaarolukorras saaks toimuda p\u00f5him\u00f5tteline muutus.\u201c<\/p>\n<p class=\"p1\">Samal ajal pole Hamas mitu kuud ametlikest l\u00e4bir\u00e4\u00e4kimistest osa v\u00f5tnud. Uute eeln\u00f5ude ja USA l\u00e4bir\u00e4\u00e4kimisteks ettevalmistamise kohta meedias ilmunud teadete keskel v\u00e4idavad Hamasi juhid, et r\u00fchmitusele pole ametlikult esitatud desarmeerimise n\u00f5udmisi ja v\u00f5imalike stsenaariumide arutamiseks pole nendega ametlikke kohtumisi peetud.<\/p>\n<p>Oled juba tellija?Logi sisse<\/p>\n<p><a href=\"https:\/\/www.delfi.ee\/artikkel\/120436899\/gaza-rahuprotsess-on-ohus-hamas-ei-kavatse-uhepoolselt-relvadest-loobuda\/kommentaarid\" class=\"article-body-bottom__comment article-body-bottom__comment--write button button--primary button--size-auto\" rel=\"nofollow noopener\" target=\"_blank\"> Kommenteeri <\/a><a href=\"https:\/\/www.delfi.ee\/artikkel\/120436899\/gaza-rahuprotsess-on-ohus-hamas-ei-kavatse-uhepoolselt-relvadest-loobuda\/kommentaarid\" class=\"article-body-bottom__comment article-body-bottom__comment--read button button--size-auto\" rel=\"nofollow noopener\" target=\"_blank\"> Loe kommentaare (6)<\/a><\/p>\n","protected":false},"excerpt":{"rendered":"\u201eMeie seisukoht selles k\u00fcsimuses on v\u00e4ga selge,\u201c \u00fctles \u00fcks Hamasi liidreid Basem Naim. \u201eEnne desarmeerimisest v\u00f5i relvade konfiskeerimisest&hellip;\n","protected":false},"author":2,"featured_media":110262,"comment_status":"","ping_status":"","sticky":false,"template":"","format":"standard","meta":{"footnotes":"","_share_on_mastodon":"0"},"categories":[80],"tags":[621,26,27,37,33,35,34,36,31,32,620,8562,2103,21,619,1590,4035,3519,28,29,95,19,763,2104,1560,25,22349,23,24,22,20,30,92,93,94],"class_list":["post-110261","post","type-post","status-publish","format-standard","has-post-thumbnail","category-maailm","tag-benjamin-netanyahu","tag-breaking-news","tag-breakingnews","tag-ee","tag-eesti","tag-eesti-keel","tag-estonia","tag-estonian","tag-featured-news","tag-featurednews","tag-gaza","tag-gaza-rahuplaan","tag-gaza-soda","tag-headlines","tag-iisrael","tag-iisrael-palestiina","tag-iisraeli-kaitsevagi","tag-iisraeli-palestiina-konflikt","tag-latest-news","tag-latestnews","tag-maailm","tag-news","tag-palestiina","tag-palestiina-omariiklus","tag-palestiina-riik","tag-populaarseimad-lood","tag-rahunoukogu","tag-top-stories","tag-topstories","tag-uldised-uudised","tag-uudised","tag-viimased-uudised","tag-world","tag-world-news","tag-worldnews"],"share_on_mastodon":{"url":"","error":"Validation failed: Text character limit of 500 exceeded"},"_links":{"self":[{"href":"https:\/\/www.europesays.com\/ee\/wp-json\/wp\/v2\/posts\/110261","targetHints":{"allow":["GET"]}}],"collection":[{"href":"https:\/\/www.europesays.com\/ee\/wp-json\/wp\/v2\/posts"}],"about":[{"href":"https:\/\/www.europesays.com\/ee\/wp-json\/wp\/v2\/types\/post"}],"author":[{"embeddable":true,"href":"https:\/\/www.europesays.com\/ee\/wp-json\/wp\/v2\/users\/2"}],"replies":[{"embeddable":true,"href":"https:\/\/www.europesays.com\/ee\/wp-json\/wp\/v2\/comments?post=110261"}],"version-history":[{"count":0,"href":"https:\/\/www.europesays.com\/ee\/wp-json\/wp\/v2\/posts\/110261\/revisions"}],"wp:featuredmedia":[{"embeddable":true,"href":"https:\/\/www.europesays.com\/ee\/wp-json\/wp\/v2\/media\/110262"}],"wp:attachment":[{"href":"https:\/\/www.europesays.com\/ee\/wp-json\/wp\/v2\/media?parent=110261"}],"wp:term":[{"taxonomy":"category","embeddable":true,"href":"https:\/\/www.europesays.com\/ee\/wp-json\/wp\/v2\/categories?post=110261"},{"taxonomy":"post_tag","embeddable":true,"href":"https:\/\/www.europesays.com\/ee\/wp-json\/wp\/v2\/tags?post=110261"}],"curies":[{"name":"wp","href":"https:\/\/api.w.org\/{rel}","templated":true}]}}