{"id":110376,"date":"2026-02-17T19:20:08","date_gmt":"2026-02-17T19:20:08","guid":{"rendered":"https:\/\/www.europesays.com\/ee\/110376\/"},"modified":"2026-02-17T19:20:08","modified_gmt":"2026-02-17T19:20:08","slug":"err-teeb-eesti-suusatamisele-rohkem-liiga-kui-piibuga-ajakirjanik-miks-teised-eestlased-alevi-naitel-norra-ei-lahe","status":"publish","type":"post","link":"https:\/\/www.europesays.com\/ee\/110376\/","title":{"rendered":"ERR teeb Eesti suusatamisele rohkem liiga kui piibuga ajakirjanik. Miks teised eestlased Alevi n\u00e4itel Norra ei l\u00e4he?"},"content":{"rendered":"<p>26-aastane Christopher Kalev p\u00fcrgis samuti Milano-Cortina ol\u00fcmpial v\u00f5istlevasse murdmaasuusakoondisesse, kuid paraku j\u00e4i ta \u00fclinapilt sel hooaja teenitud MK-sarja punktide p\u00f5hjal v\u00e4lja. Milliste tunnetega j\u00e4lgib Kalev ol\u00fcmpiat, kus ta soovis ise osaleda? Kuidas hindab ta Eesti murdmaasuusatajate seniseid esitusi: ootusp\u00e4rased v\u00f5i mitte?<\/p>\n<p>Sel ol\u00fcmpial on murdmaasuusatamises l\u00f6\u00f6nud platsi puhtaks Norra imemees Johannes Hoesflot Klaebo, kes on v\u00f5itnud juba neli kuldmedalit. Mis peaks juhtuma, et Klaebo ei lahkuks ol\u00fcmpialt kuue kuldmedaliga? Kas maailmas leidub m\u00f5ni murdmaasuusataja, kes suudab l\u00e4hiaastatel Klaebo kandadele astuda?<\/p>\n<p>Muuhulgas tuleb juttu ka spordiajakirjanduse kriitikast murdmaasuusatajate suunas. Jutu ajendiks on <a rel=\"noopener nofollow\" target=\"_blank\" href=\"https:\/\/www.delfi.ee\/teema\/29346599\/aivar-rehemaa\" tag-id=\"29346599\">Aivar Rehemaa<\/a> laup\u00e4evane intervjuu ETV-le, kus koondise peatreener \u00fctles j\u00e4rgmist: \u201eTean, et \u00fcks kirjutav ajakirjanik \u00fcritab Eesti murdmaasuusatamist igati halvustada ja surnuks kuulutada, aga mina nii ei arva. V\u00f5ib-olla piibu ja \u00f5lleklaasi tagant ongi sellest raske aru saada.\u201c<\/p>\n<p>Pole saladus, et Rehemaa pidas silmas <a rel=\"noopener nofollow\" target=\"_blank\" href=\"https:\/\/www.delfi.ee\/teema\/73171813\/delfi\" tag-id=\"73171813\">Delfi<\/a> vanameistrit Jaan Martinsoni, kelle kriitika ei h\u00e4iri Kalevit karvav\u00f5rdki. Tema s\u00f5nul teeb enim murdmaasuusatajatele liiga Eesti Rahvusringh\u00e4\u00e4ling. Miks, kuula saatest.<\/p>\n<p>Samuti avaldas Kalev, millised tegurid m\u00f5jutavad tema karj\u00e4\u00e4ri j\u00e4tkamise otsust. \u00dcks on kindel: kui keegi rahapakid lauale l\u00f6\u00f6ks ja Norra treenima kutsuks, v\u00f5taks Kalev pikalt m\u00f5tlemata pakkumise vastu.<\/p>\n<p>Saadet juhib Ken Thor Aabrams. Head kuulamist!<\/p>\n<p>Kuidas see lugu Sind end tundma pani? Saada <a href=\"https:\/\/sport.delfi.ee\/artikkel\/120436965\/err-teeb-eesti-suusatamisele-rohkem-liiga-kui-piibuga-ajakirjaniku-kriitika-miks-rohkem-eestlasi-alevi-naitel-norra-ei-lahe\/kommentaarid\" class=\"article-body-bottom__comment article-body-bottom__comment--write button button--primary button--size-auto\" rel=\"nofollow noopener\" target=\"_blank\"> Kommenteeri <\/a><a href=\"https:\/\/sport.delfi.ee\/artikkel\/120436965\/err-teeb-eesti-suusatamisele-rohkem-liiga-kui-piibuga-ajakirjaniku-kriitika-miks-rohkem-eestlasi-alevi-naitel-norra-ei-lahe\/kommentaarid\" class=\"article-body-bottom__comment article-body-bottom__comment--read button button--size-auto\" rel=\"nofollow noopener\" target=\"_blank\"> Loe kommentaare (3)<\/a><\/p>\n","protected":false},"excerpt":{"rendered":"26-aastane Christopher Kalev p\u00fcrgis samuti Milano-Cortina ol\u00fcmpial v\u00f5istlevasse murdmaasuusakoondisesse, kuid paraku j\u00e4i ta \u00fclinapilt sel hooaja teenitud MK-sarja&hellip;\n","protected":false},"author":2,"featured_media":106173,"comment_status":"","ping_status":"","sticky":false,"template":"","format":"standard","meta":{"footnotes":"","_share_on_mastodon":"0"},"categories":[18],"tags":[8738,9096,662,37,33,35,34,36,27776,159,158],"class_list":["post-110376","post","type-post","status-publish","format-standard","has-post-thumbnail","category-sport","tag-aivar-rehemaa","tag-christopher-kalev","tag-delfi","tag-ee","tag-eesti","tag-eesti-keel","tag-estonia","tag-estonian","tag-ole-einar-bjorndalen","tag-sport","tag-sports"],"share_on_mastodon":{"url":"https:\/\/pubeurope.com\/@ee\/116087594872501983","error":""},"_links":{"self":[{"href":"https:\/\/www.europesays.com\/ee\/wp-json\/wp\/v2\/posts\/110376","targetHints":{"allow":["GET"]}}],"collection":[{"href":"https:\/\/www.europesays.com\/ee\/wp-json\/wp\/v2\/posts"}],"about":[{"href":"https:\/\/www.europesays.com\/ee\/wp-json\/wp\/v2\/types\/post"}],"author":[{"embeddable":true,"href":"https:\/\/www.europesays.com\/ee\/wp-json\/wp\/v2\/users\/2"}],"replies":[{"embeddable":true,"href":"https:\/\/www.europesays.com\/ee\/wp-json\/wp\/v2\/comments?post=110376"}],"version-history":[{"count":0,"href":"https:\/\/www.europesays.com\/ee\/wp-json\/wp\/v2\/posts\/110376\/revisions"}],"wp:featuredmedia":[{"embeddable":true,"href":"https:\/\/www.europesays.com\/ee\/wp-json\/wp\/v2\/media\/106173"}],"wp:attachment":[{"href":"https:\/\/www.europesays.com\/ee\/wp-json\/wp\/v2\/media?parent=110376"}],"wp:term":[{"taxonomy":"category","embeddable":true,"href":"https:\/\/www.europesays.com\/ee\/wp-json\/wp\/v2\/categories?post=110376"},{"taxonomy":"post_tag","embeddable":true,"href":"https:\/\/www.europesays.com\/ee\/wp-json\/wp\/v2\/tags?post=110376"}],"curies":[{"name":"wp","href":"https:\/\/api.w.org\/{rel}","templated":true}]}}