{"id":110379,"date":"2026-02-17T19:24:18","date_gmt":"2026-02-17T19:24:18","guid":{"rendered":"https:\/\/www.europesays.com\/ee\/110379\/"},"modified":"2026-02-17T19:24:18","modified_gmt":"2026-02-17T19:24:18","slug":"ara-lange-loksu-%e2%9f%a9-kuidas-tulu-deklareerijaid-petetakse","status":"publish","type":"post","link":"https:\/\/www.europesays.com\/ee\/110379\/","title":{"rendered":"\u00c4RA LANGE L\u00d5KSU \u27e9 Kuidas tulu deklareerijaid petetakse?"},"content":{"rendered":"<p>Tele2 jagab vihjeid, kuidas petturid inimeste kontodele ligi p\u00e4\u00e4seda \u00fcritavad. \u00abSageli kasutatakse \u00e4ra parasjagu \u00fchiskonnas aktuaalseid teemasid, n\u00e4iteks tuludeklaratsiooni esitamise aega. Inimesed teavad, et k\u00e4es on deklaratsioonide esitamise periood ja selle k\u00e4igus v\u00f5ib valvsus kergemini kaduda ning petuk\u00f5ne usutav tunduda,\u00bb r\u00f5hutab Tele2 IT-turvaspetsialist Triin Palts. Nii saatsid petturid n\u00e4iteks hiljuti EMTA nimel inimestele kirju, milles neid suunatakse lingile, kust saab v\u00e4idetavalt taotleda automaksu enammakstud osa tagastamist.<\/p>\n","protected":false},"excerpt":{"rendered":"Tele2 jagab vihjeid, kuidas petturid inimeste kontodele ligi p\u00e4\u00e4seda \u00fcritavad. \u00abSageli kasutatakse \u00e4ra parasjagu \u00fchiskonnas aktuaalseid teemasid, n\u00e4iteks&hellip;\n","protected":false},"author":2,"featured_media":110380,"comment_status":"","ping_status":"","sticky":false,"template":"","format":"standard","meta":{"footnotes":"","_share_on_mastodon":"0"},"categories":[5],"tags":[26,27,37,33,35,4125,34,36,31,32,21,5087,28,29,19,14544,35796,25,3155,23,24,52354,23811,22,20,30],"class_list":["post-110379","post","type-post","status-publish","format-standard","has-post-thumbnail","category-uldised-uudised","tag-breaking-news","tag-breakingnews","tag-ee","tag-eesti","tag-eesti-keel","tag-emta","tag-estonia","tag-estonian","tag-featured-news","tag-featurednews","tag-headlines","tag-isikuandmed","tag-latest-news","tag-latestnews","tag-news","tag-petukoned","tag-pin-koodid","tag-populaarseimad-lood","tag-tele2","tag-top-stories","tag-topstories","tag-triin-palts","tag-tuludeklaratsioon","tag-uldised-uudised","tag-uudised","tag-viimased-uudised"],"share_on_mastodon":{"url":"https:\/\/pubeurope.com\/@ee\/116087610567795231","error":""},"_links":{"self":[{"href":"https:\/\/www.europesays.com\/ee\/wp-json\/wp\/v2\/posts\/110379","targetHints":{"allow":["GET"]}}],"collection":[{"href":"https:\/\/www.europesays.com\/ee\/wp-json\/wp\/v2\/posts"}],"about":[{"href":"https:\/\/www.europesays.com\/ee\/wp-json\/wp\/v2\/types\/post"}],"author":[{"embeddable":true,"href":"https:\/\/www.europesays.com\/ee\/wp-json\/wp\/v2\/users\/2"}],"replies":[{"embeddable":true,"href":"https:\/\/www.europesays.com\/ee\/wp-json\/wp\/v2\/comments?post=110379"}],"version-history":[{"count":0,"href":"https:\/\/www.europesays.com\/ee\/wp-json\/wp\/v2\/posts\/110379\/revisions"}],"wp:featuredmedia":[{"embeddable":true,"href":"https:\/\/www.europesays.com\/ee\/wp-json\/wp\/v2\/media\/110380"}],"wp:attachment":[{"href":"https:\/\/www.europesays.com\/ee\/wp-json\/wp\/v2\/media?parent=110379"}],"wp:term":[{"taxonomy":"category","embeddable":true,"href":"https:\/\/www.europesays.com\/ee\/wp-json\/wp\/v2\/categories?post=110379"},{"taxonomy":"post_tag","embeddable":true,"href":"https:\/\/www.europesays.com\/ee\/wp-json\/wp\/v2\/tags?post=110379"}],"curies":[{"name":"wp","href":"https:\/\/api.w.org\/{rel}","templated":true}]}}