{"id":110446,"date":"2026-02-17T22:06:09","date_gmt":"2026-02-17T22:06:09","guid":{"rendered":"https:\/\/www.europesays.com\/ee\/110446\/"},"modified":"2026-02-17T22:06:09","modified_gmt":"2026-02-17T22:06:09","slug":"kaval-kaik-van-persie-viis-sterlingu-tottu-feyenoordi-treeningud-belgiasse-soccernet-ee","status":"publish","type":"post","link":"https:\/\/www.europesays.com\/ee\/110446\/","title":{"rendered":"Kaval k\u00e4ik: Van Persie viis Sterlingu t\u00f5ttu Feyenoordi treeningud Belgiasse &#8211; Soccernet.ee"},"content":{"rendered":"<p><img decoding=\"async\" src=\"https:\/\/www.europesays.com\/ee\/wp-content\/uploads\/2026\/01\/1768912065.jpg\" alt=\"Raheem Sterling. Foto: Scanpix \/ Dave Thompson \/ AP\"\/>&#13;\n<\/p>\n<p>Inglismaa \u00e4\u00e4rer\u00fcndaja Raheem Sterling lahkus hiljuti Chelseast ja l\u00f5i k\u00e4ed Hollandi suurklubi Rotterdami Feyenoordiga. 31-aastane m\u00e4ngija teeb esimesed treeningud uue koduklubi ridades aga Belgias, mitte Hollandis.<\/p>\n<p>Sterling ei saa Hollandis treenida ega m\u00e4ngida enne, kui talle antakse t\u00f6\u00f6luba. See protsess kestab tavaliselt umbes n\u00e4dal aega. Feyenoordi peatreener Robin van Persie l\u00e4henes olukorrale loominguliselt ja viis treeningud Belgiasse, et uus m\u00e4ngija saaks meeskonnaga v\u00f5imalikult kiiresti kohaneda.&#13;\n<\/p>\n<p>Feyenoord treenib alates esmasp\u00e4evast Belgia linnas Tubize, mis asub Rotterdamist umbes kahetunnise bussis\u00f5idu kaugusel. Van Persie m\u00e4rkis, et l\u00fchike treeninglaager on kasulik kogu meeskonnale. Feyenoord naaseb kodumaale kolmap\u00e4eval.&#13;\n<\/p>\n<p>Feyenoordi j\u00e4rgmine Hollandi k\u00f5rgliiga m\u00e4ng toimub 22. veebruaril kodus Telstari vastu. Klubi loodab, et talvine t\u00e4iendus Sterling saab selleks ajaks t\u00f6\u00f6loa. Eelmises liigam\u00e4ngus, kui Feyenoord alistas Go Ahead Eaglesi, ei saanud Sterling meeskonda aidata. Feyenoord asub koduliigas 23 vooru j\u00e4rel teisel kohal, kaotades liidrikohale olevale PSV Eindhovenile 14 punktiga.<\/p>\n<p>BBC kirjutab, et karj\u00e4\u00e4ri jooksul nii Liverpoolis, Manchester Citys, Chelseas kui ka Arsenalis m\u00e4nginud Sterlingu teenetest olid t\u00e4navu talvel huvitatud 18 klubi \u00fcle Euroopa, enne kui endine Inglismaa koondislane otsustas liituda Feyenoordiga.&#13;<\/p>\n","protected":false},"excerpt":{"rendered":"&#13; Inglismaa \u00e4\u00e4rer\u00fcndaja Raheem Sterling lahkus hiljuti Chelseast ja l\u00f5i k\u00e4ed Hollandi suurklubi Rotterdami Feyenoordiga. 31-aastane m\u00e4ngija teeb&hellip;\n","protected":false},"author":2,"featured_media":89693,"comment_status":"","ping_status":"","sticky":false,"template":"","format":"standard","meta":{"footnotes":"","_share_on_mastodon":"0"},"categories":[18],"tags":[5410,37,33,35,34,36,7353,1356,44059,26712,159,158,44060,26715],"class_list":["post-110446","post","type-post","status-publish","format-standard","has-post-thumbnail","category-sport","tag-belgia","tag-ee","tag-eesti","tag-eesti-keel","tag-estonia","tag-estonian","tag-feyenoord","tag-holland","tag-raheem-sterling","tag-robin-van-persie","tag-sport","tag-sports","tag-sterling","tag-van-persie"],"share_on_mastodon":{"url":"https:\/\/pubeurope.com\/@ee\/116088247592248809","error":""},"_links":{"self":[{"href":"https:\/\/www.europesays.com\/ee\/wp-json\/wp\/v2\/posts\/110446","targetHints":{"allow":["GET"]}}],"collection":[{"href":"https:\/\/www.europesays.com\/ee\/wp-json\/wp\/v2\/posts"}],"about":[{"href":"https:\/\/www.europesays.com\/ee\/wp-json\/wp\/v2\/types\/post"}],"author":[{"embeddable":true,"href":"https:\/\/www.europesays.com\/ee\/wp-json\/wp\/v2\/users\/2"}],"replies":[{"embeddable":true,"href":"https:\/\/www.europesays.com\/ee\/wp-json\/wp\/v2\/comments?post=110446"}],"version-history":[{"count":0,"href":"https:\/\/www.europesays.com\/ee\/wp-json\/wp\/v2\/posts\/110446\/revisions"}],"wp:featuredmedia":[{"embeddable":true,"href":"https:\/\/www.europesays.com\/ee\/wp-json\/wp\/v2\/media\/89693"}],"wp:attachment":[{"href":"https:\/\/www.europesays.com\/ee\/wp-json\/wp\/v2\/media?parent=110446"}],"wp:term":[{"taxonomy":"category","embeddable":true,"href":"https:\/\/www.europesays.com\/ee\/wp-json\/wp\/v2\/categories?post=110446"},{"taxonomy":"post_tag","embeddable":true,"href":"https:\/\/www.europesays.com\/ee\/wp-json\/wp\/v2\/tags?post=110446"}],"curies":[{"name":"wp","href":"https:\/\/api.w.org\/{rel}","templated":true}]}}