{"id":110476,"date":"2026-02-17T23:23:12","date_gmt":"2026-02-17T23:23:12","guid":{"rendered":"https:\/\/www.europesays.com\/ee\/110476\/"},"modified":"2026-02-17T23:23:12","modified_gmt":"2026-02-17T23:23:12","slug":"olumpiakulla-nimel-tuleb-arvestada-koigiga-iluuisutamise-kostuumireeglid-millest-paljud-ei-pruugi-teadlikud-olla","status":"publish","type":"post","link":"https:\/\/www.europesays.com\/ee\/110476\/","title":{"rendered":"\u201eOl\u00fcmpiakulla nimel tuleb arvestada k\u00f5igiga\u201c Iluuisutamise kost\u00fc\u00fcmireeglid, millest paljud ei pruugi teadlikud olla"},"content":{"rendered":"<p>Nii nagu tehnilised elemendid kavades, alluvad ka kost\u00fc\u00fcmid rangetele reeglitele. Iluuisutajad v\u00f5ivad kasutada eritellimusel tehtud v\u00f5i lausa k\u00f5rgmoelisi lahendusi, kuid piiride \u00fcletamine v\u00f5ib t\u00e4hendada poodiumikohast ilmaj\u00e4\u00e4mist. Osa reegleid on mustvalged, teised p\u00f5hinevad kirjutamata normidel. Ol\u00fcmpiakulla nimel tuleb arvestada k\u00f5igiga.<\/p>\n<p>Oled juba tellija?Logi sisse<\/p>\n","protected":false},"excerpt":{"rendered":"Nii nagu tehnilised elemendid kavades, alluvad ka kost\u00fc\u00fcmid rangetele reeglitele. Iluuisutajad v\u00f5ivad kasutada eritellimusel tehtud v\u00f5i lausa k\u00f5rgmoelisi&hellip;\n","protected":false},"author":2,"featured_media":110477,"comment_status":"","ping_status":"","sticky":false,"template":"","format":"standard","meta":{"footnotes":"","_share_on_mastodon":"0"},"categories":[18],"tags":[52404,37,33,35,34,36,4828,7714,1530,7735,159,158,325,96],"class_list":["post-110476","post","type-post","status-publish","format-standard","has-post-thumbnail","category-sport","tag-alina-zagitova","tag-ee","tag-eesti","tag-eesti-keel","tag-estonia","tag-estonian","tag-iluuisutamine","tag-madonna","tag-olumpiamangud","tag-saksa","tag-sport","tag-sports","tag-usa","tag-venemaa"],"share_on_mastodon":{"url":"https:\/\/pubeurope.com\/@ee\/116088550361067474","error":""},"_links":{"self":[{"href":"https:\/\/www.europesays.com\/ee\/wp-json\/wp\/v2\/posts\/110476","targetHints":{"allow":["GET"]}}],"collection":[{"href":"https:\/\/www.europesays.com\/ee\/wp-json\/wp\/v2\/posts"}],"about":[{"href":"https:\/\/www.europesays.com\/ee\/wp-json\/wp\/v2\/types\/post"}],"author":[{"embeddable":true,"href":"https:\/\/www.europesays.com\/ee\/wp-json\/wp\/v2\/users\/2"}],"replies":[{"embeddable":true,"href":"https:\/\/www.europesays.com\/ee\/wp-json\/wp\/v2\/comments?post=110476"}],"version-history":[{"count":0,"href":"https:\/\/www.europesays.com\/ee\/wp-json\/wp\/v2\/posts\/110476\/revisions"}],"wp:featuredmedia":[{"embeddable":true,"href":"https:\/\/www.europesays.com\/ee\/wp-json\/wp\/v2\/media\/110477"}],"wp:attachment":[{"href":"https:\/\/www.europesays.com\/ee\/wp-json\/wp\/v2\/media?parent=110476"}],"wp:term":[{"taxonomy":"category","embeddable":true,"href":"https:\/\/www.europesays.com\/ee\/wp-json\/wp\/v2\/categories?post=110476"},{"taxonomy":"post_tag","embeddable":true,"href":"https:\/\/www.europesays.com\/ee\/wp-json\/wp\/v2\/tags?post=110476"}],"curies":[{"name":"wp","href":"https:\/\/api.w.org\/{rel}","templated":true}]}}