{"id":110509,"date":"2026-02-18T01:15:07","date_gmt":"2026-02-18T01:15:07","guid":{"rendered":"https:\/\/www.europesays.com\/ee\/110509\/"},"modified":"2026-02-18T01:15:07","modified_gmt":"2026-02-18T01:15:07","slug":"maailma-pruuni-kullaga-varustavad-elevandiluuranniku-kakaokasvatajad-virelevad-nalja-veerel","status":"publish","type":"post","link":"https:\/\/www.europesays.com\/ee\/110509\/","title":{"rendered":"Maailma \u00abpruuni kullaga\u00bb varustavad Elevandiluuranniku kakaokasvatajad virelevad n\u00e4lja veerel"},"content":{"rendered":"<p>Kuigi Kon\u00e9-sarnased v\u00e4iketalunikud on teinud L\u00e4\u00e4ne-Aafrikas asuva riigi maailma juhtivaks kakaokasvatajaks, virelevad paljud p\u00f5lluharijad \u00fcha s\u00fcvenevas viletsuses, sest riik on h\u00e4das \u00abpruuni kulla\u00bb maha m\u00fc\u00fcmisega olukorras, kus hankijad \u00e4gavad likviidsusprobleemide k\u00e4es ja kakao hind maailmaturul on langenud.<\/p>\n<p>Oma viimases, 2019. aastast p\u00e4rinevas raportis hindas Maailmapank, et rohkem kui pooled kakaokasvatajad peavad toime tulema v\u00e4hem kui 757 L\u00e4\u00e4ne-Aafrika frangi ehk umbes 1,2 euroga p\u00e4evas.<\/p>\n","protected":false},"excerpt":{"rendered":"Kuigi Kon\u00e9-sarnased v\u00e4iketalunikud on teinud L\u00e4\u00e4ne-Aafrikas asuva riigi maailma juhtivaks kakaokasvatajaks, virelevad paljud p\u00f5lluharijad \u00fcha s\u00fcvenevas viletsuses, sest&hellip;\n","protected":false},"author":2,"featured_media":110510,"comment_status":"","ping_status":"","sticky":false,"template":"","format":"standard","meta":{"footnotes":"","_share_on_mastodon":"0"},"categories":[80],"tags":[26,27,37,33,35,9762,34,36,31,32,21,9763,28,29,95,19,25,52408,23,24,22,20,15929,30,92,93,94],"class_list":["post-110509","post","type-post","status-publish","format-standard","has-post-thumbnail","category-maailm","tag-breaking-news","tag-breakingnews","tag-ee","tag-eesti","tag-eesti-keel","tag-elevandiluurannik","tag-estonia","tag-estonian","tag-featured-news","tag-featurednews","tag-headlines","tag-kakao","tag-latest-news","tag-latestnews","tag-maailm","tag-news","tag-populaarseimad-lood","tag-talupidajad","tag-top-stories","tag-topstories","tag-uldised-uudised","tag-uudised","tag-vaesus","tag-viimased-uudised","tag-world","tag-world-news","tag-worldnews"],"share_on_mastodon":{"url":"https:\/\/pubeurope.com\/@ee\/116088990849596561","error":""},"_links":{"self":[{"href":"https:\/\/www.europesays.com\/ee\/wp-json\/wp\/v2\/posts\/110509","targetHints":{"allow":["GET"]}}],"collection":[{"href":"https:\/\/www.europesays.com\/ee\/wp-json\/wp\/v2\/posts"}],"about":[{"href":"https:\/\/www.europesays.com\/ee\/wp-json\/wp\/v2\/types\/post"}],"author":[{"embeddable":true,"href":"https:\/\/www.europesays.com\/ee\/wp-json\/wp\/v2\/users\/2"}],"replies":[{"embeddable":true,"href":"https:\/\/www.europesays.com\/ee\/wp-json\/wp\/v2\/comments?post=110509"}],"version-history":[{"count":0,"href":"https:\/\/www.europesays.com\/ee\/wp-json\/wp\/v2\/posts\/110509\/revisions"}],"wp:featuredmedia":[{"embeddable":true,"href":"https:\/\/www.europesays.com\/ee\/wp-json\/wp\/v2\/media\/110510"}],"wp:attachment":[{"href":"https:\/\/www.europesays.com\/ee\/wp-json\/wp\/v2\/media?parent=110509"}],"wp:term":[{"taxonomy":"category","embeddable":true,"href":"https:\/\/www.europesays.com\/ee\/wp-json\/wp\/v2\/categories?post=110509"},{"taxonomy":"post_tag","embeddable":true,"href":"https:\/\/www.europesays.com\/ee\/wp-json\/wp\/v2\/tags?post=110509"}],"curies":[{"name":"wp","href":"https:\/\/api.w.org\/{rel}","templated":true}]}}