{"id":110673,"date":"2026-02-18T08:28:06","date_gmt":"2026-02-18T08:28:06","guid":{"rendered":"https:\/\/www.europesays.com\/ee\/110673\/"},"modified":"2026-02-18T08:28:06","modified_gmt":"2026-02-18T08:28:06","slug":"estonian-celli-tehases-hukkus-tooonnetuses-inimene","status":"publish","type":"post","link":"https:\/\/www.europesays.com\/ee\/110673\/","title":{"rendered":"Estonian Celli tehases hukkus t\u00f6\u00f6\u00f5nnetuses inimene"},"content":{"rendered":"<p>Estonian Cell aitab t\u00f6\u00f6v\u00f5tjal ja ametiasutustel \u00f5nnetuse asjaolusid selgitada ning on endiselt p\u00fchendunud territooriumil t\u00f6\u00f6tavate inimeste ohutuse tagamisele k\u00f5rgeimal v\u00f5imalikul tasemel. \u201eK\u00e4imasoleva menetluse t\u00f5ttu ei ole praegu v\u00f5imalik rohkem infot juhtunu kohta jagada,\u201c \u00fctleb Estonian Celli juhatuse liige Meelis Kuzma. <\/p>\n<p>\u201eAvaldame siirast kaastunnet hukkunu l\u00e4hedastele, kolleegidele ja k\u00f5igile, keda see traagiline s\u00fcndmus on puudutanud,\u201c lisab Kuzma. <\/p>\n<p>Viimati juhtus <a rel=\"noopener nofollow\" target=\"_blank\" href=\"https:\/\/www.delfi.ee\/teema\/96859158\/tooonnetus-1\" tag-id=\"96859158\">t\u00f6\u00f6\u00f5nnetus<\/a> Eestis t\u00e4navu jaanuaris, kui Harjumaal suri t\u00f6\u00f6kohustusi t\u00e4ites 31-aastane pakikuller. <\/p>\n<p>T\u00f6\u00f6\u00f5nnetusega on tegemist, kui tervisekahjustus saadi t\u00f6\u00f6andja antud t\u00f6\u00f6\u00fclesannet t\u00e4ites, muul tema loal tehtaval t\u00f6\u00f6l v\u00f5i muul t\u00f6\u00f6andja huvides tegutsemise ajal.  <\/p>\n<p>T\u00f6\u00f6andja peab uurima k\u00f5iki t\u00f6\u00f6\u00f5nnetusi. Uurida tuleb ka neid, mis ei toonud kannatanule kaasa ajutist t\u00f6\u00f6v\u00f5imetust ja ta ei j\u00e4\u00e4nud haiguslehele. Uurimise eesm\u00e4rk on v\u00e4lja selgitada \u00f5nnetuse asjaolud ja p\u00f5hjused. Neid teades on v\u00f5imalik ennetada seesuguse juhtumi kordumist. N\u00e4iteks, kui tegemist oli libeda v\u00e4listrepiga, siis tasub l\u00e4bi m\u00f5elda, mil moel korraldada t\u00f6\u00f6, sealhulgas trepi hooldamine, nii et t\u00f6\u00f6tajad ei peaks liikuma libedal trepil. <\/p>\n<p>Kuidas see lugu Sind end tundma pani? Saada <\/p>\n","protected":false},"excerpt":{"rendered":"Estonian Cell aitab t\u00f6\u00f6v\u00f5tjal ja ametiasutustel \u00f5nnetuse asjaolusid selgitada ning on endiselt p\u00fchendunud territooriumil t\u00f6\u00f6tavate inimeste ohutuse tagamisele&hellip;\n","protected":false},"author":2,"featured_media":37336,"comment_status":"","ping_status":"","sticky":false,"template":"","format":"standard","meta":{"footnotes":"","_share_on_mastodon":"0"},"categories":[5],"tags":[26,27,37,33,35,34,36,34474,31,32,21,28,29,19,25,3793,23,24,22,20,30],"class_list":["post-110673","post","type-post","status-publish","format-standard","has-post-thumbnail","category-uldised-uudised","tag-breaking-news","tag-breakingnews","tag-ee","tag-eesti","tag-eesti-keel","tag-estonia","tag-estonian","tag-estonian-cell","tag-featured-news","tag-featurednews","tag-headlines","tag-latest-news","tag-latestnews","tag-news","tag-populaarseimad-lood","tag-tooonnetus","tag-top-stories","tag-topstories","tag-uldised-uudised","tag-uudised","tag-viimased-uudised"],"share_on_mastodon":{"url":"https:\/\/pubeurope.com\/@ee\/116090693507623218","error":""},"_links":{"self":[{"href":"https:\/\/www.europesays.com\/ee\/wp-json\/wp\/v2\/posts\/110673","targetHints":{"allow":["GET"]}}],"collection":[{"href":"https:\/\/www.europesays.com\/ee\/wp-json\/wp\/v2\/posts"}],"about":[{"href":"https:\/\/www.europesays.com\/ee\/wp-json\/wp\/v2\/types\/post"}],"author":[{"embeddable":true,"href":"https:\/\/www.europesays.com\/ee\/wp-json\/wp\/v2\/users\/2"}],"replies":[{"embeddable":true,"href":"https:\/\/www.europesays.com\/ee\/wp-json\/wp\/v2\/comments?post=110673"}],"version-history":[{"count":0,"href":"https:\/\/www.europesays.com\/ee\/wp-json\/wp\/v2\/posts\/110673\/revisions"}],"wp:featuredmedia":[{"embeddable":true,"href":"https:\/\/www.europesays.com\/ee\/wp-json\/wp\/v2\/media\/37336"}],"wp:attachment":[{"href":"https:\/\/www.europesays.com\/ee\/wp-json\/wp\/v2\/media?parent=110673"}],"wp:term":[{"taxonomy":"category","embeddable":true,"href":"https:\/\/www.europesays.com\/ee\/wp-json\/wp\/v2\/categories?post=110673"},{"taxonomy":"post_tag","embeddable":true,"href":"https:\/\/www.europesays.com\/ee\/wp-json\/wp\/v2\/tags?post=110673"}],"curies":[{"name":"wp","href":"https:\/\/api.w.org\/{rel}","templated":true}]}}