{"id":110684,"date":"2026-02-18T08:46:12","date_gmt":"2026-02-18T08:46:12","guid":{"rendered":"https:\/\/www.europesays.com\/ee\/110684\/"},"modified":"2026-02-18T08:46:12","modified_gmt":"2026-02-18T08:46:12","slug":"viniciuse-kaitseks-valja-astunud-mbappe-ta-utles-seda-viis-korda-ma-kuulsin-seda-mourinho-ma-ei-usu-uht-ega-teist-soccernet-ee","status":"publish","type":"post","link":"https:\/\/www.europesays.com\/ee\/110684\/","title":{"rendered":"Viniciuse kaitseks v\u00e4lja astunud Mbappe: ta \u00fctles seda viis korda, ma kuulsin seda! (Mourinho: ma ei usu \u00fcht ega teist) &#8211; Soccernet.ee"},"content":{"rendered":"<p><img decoding=\"async\" src=\"https:\/\/www.europesays.com\/ee\/wp-content\/uploads\/2026\/02\/1771398985.jpg\" alt=\"Kylian Mbappe ja Jose Mourinho. Foto: Scanpix \/ Patricia De Melo Moreira \/ AFP\"\/>&#13;\n<\/p>\n<p>Real Madrid alistas teisip\u00e4eva \u00f5htul Lissaboni Benfica, ent kohtumist j\u00e4i varjutama rassismiskandaal. Nimelt s\u00f5imas Benfica nooruk Gianluca Prestianni Madridi klubi r\u00fcnde\u00e4ssa Vinicius Juniorit.\u00a0<\/p>\n<p>50. minutil v\u00f5iduv\u00e4rava l\u00f6\u00f6nud Vinicius j\u00e4i Prestianni s\u00f5imu ohvriks tabamuse t\u00e4histamise j\u00e4rel. Seepeale l\u00e4ks Brasiilia edurivimees kohtunikule juhtunust teatama, misj\u00e4rel kohtumine k\u00fcmneks minutiks pausile pandi. &#8220;Benfica number 25\u00a0\u2013  ma ei taha tema nime \u00f6elda, sest ta ei v\u00e4\u00e4ri seda,&#8221; tunnistas Kylian Mbappe kohtumise j\u00e4rel Hispaania v\u00e4ljaande AS vahendusel.\u00a0&#13;\n<\/p>\n<p>&#8220;Ta \u00fctles esmalt midagi halba, kuid sellist asja juhtub jalgpallis. Kuid seej\u00e4rel t\u00f5mbas ta s\u00e4rgi suu ette ja \u00fctles viis korda: &#8220;Vinicius on ahv&#8221;. Ma kuulsin seda ning ka m\u00f5ned Benfica m\u00e4ngijad kuulsid seda,&#8221; kirjeldas Mbappe v\u00e4ljakult toimunut.\u00a0&#13;\n<\/p>\n<p>Prantslane j\u00e4tkas: &#8220;Ma ei taha \u00fcldistada, sest on inimesi, kes ei teinud midagi. Staadionil oli 70 000 inimest, kes ei teinud midagi ja tahtsid lihtsalt oma meeskonda toetada. See puudutab seda konkreetset m\u00e4ngijat. Ta ei tohiks enam minu arvates Meistrite liigas m\u00e4ngida. Me peame andma noortele parima v\u00f5imaliku eeskuju.\u00a0J\u00e4tame selle UEFA hooleks, kes p\u00fc\u00fcab alati midagi ette v\u00f5tta. N\u00fc\u00fcd on neil t\u00f5sine juhtum ja ma loodan, et nad teevad midagi.&#8221;<\/p>\n<p>Liverpoolist Madridi klubisse siirdunud Trent Alexander-Arnold astus samuti meeskonnakaaslase kaitseks v\u00e4lja. &#8220;See, mis t\u00e4na \u00f5htul juhtus, on h\u00e4biplekk jalgpallile ja varjutas nii meie esituse kui ka suurep\u00e4rase v\u00e4rava. Sellel ei ole \u00fchiskonnas kohta. See on vastik!&#8221; s\u00f5nas ta kohtumise j\u00e4rel meediaga r\u00e4\u00e4kides.\u00a0&#13;\n<\/p>\n<p>Vinicius tegi kohtumise j\u00e4rel sotsiaalmeedias avalduse: &#8220;Rassistid on ennek\u00f5ike argp\u00fcksid. Nad peavad oma s\u00e4rgid suu ette t\u00f5mbama, et n\u00e4idata, kui n\u00f5rgad nad on. Kuid nende k\u00f5rval on ka need, kes peaksid neid karistama, ent hoopis kaitsevad neid. Miski, mis t\u00e4na juhtus, ei ole minu ega mu perekonna jaoks midagi uut,&#8221; seisab r\u00fcndaja avalduses.&#13;\n<\/p>\n<p>Kuidas reageeris Mourinho?&#13;\n<\/p>\n<p>Benfica loots Jose Mourninho v\u00e4itis aga, et Vinicius ei t\u00e4histanud v\u00e4ravat lugupidavalt ning \u00e4ssitas publikut. &#8220;Midagi on valesti, sest see juhtub igal staadionil. Kus Vinicius m\u00e4ngib, juhtub alati midagi,&#8221; vahendab BBC Mourinho \u00f6eldut.\u00a0<\/p>\n<p>&#8220;See pidanuks olema p\u00f6\u00f6rane hetk m\u00e4ngus, suurep\u00e4rane v\u00e4rav. Kahjuks ei piirdunud ta ainult selle imelise v\u00e4rava \u00fcle r\u00f5\u00f5mustamisega. Kui l\u00f6\u00f6d sellise v\u00e4rava, siis t\u00e4hista lugupidavalt,&#8221; pajatas Mourinho. &#8220;Ma \u00fctlesin talle, et kui l\u00f6\u00f6d sellise v\u00e4rava, siis t\u00e4histad ja k\u00f5nnid tagasi. Kui ta hakkas rassismi teemal vaidlema, \u00fctlesin talle, et selle klubi ajaloo suurim isik oli mustanahaline,&#8221; viitas loots Eusebiole.\u00a0&#13;\n<\/p>\n<p>Lisaks tunnistas endine Chelsea ja Real Madridi loots, et kuulis juhtunu kohta Viniciuselt ja Prestiannilt erinevaid versioone. &#8220;Nad (Vinicius ja Prestianni) r\u00e4\u00e4kisid mulle erinevaid lugusid. Aga ma ei usu \u00fcht ega teist. Ma tahan j\u00e4\u00e4da erapooletuks,&#8221; \u00fctles Mourinho, kes kohtunikuga vaidlemise j\u00e4rel ka punase kaardi teenis.&#13;\n<\/p>\n<p>Solvanguid pildunud Prestianni pole juhtunut veel kommenteerinud. K\u00fcll aga tegi klubi avalduse sotsiaalmeediaplatvormil X. &#8220;Nagu kaadritest n\u00e4ha, ei saanud Real Madridi m\u00e4ngijad sellise vahemaa t\u00f5ttu kuulda seda, mida v\u00e4idetakse, et nad kuulsid,&#8221; seisab avalduses.\u00a0&#13;\n<\/p>\n<blockquote class=\"twitter-tweet\"><p>&#13;<\/p>\n<p lang=\"pt\" dir=\"ltr\">Como demonstram as imagens, dada a dist\u00e2ncia, os jogadores do Real Madrid n\u00e3o podem ter ouvido o que andam a dizer que ouviram. <a href=\"https:\/\/t.co\/7JF9AVuhEM\" rel=\"nofollow\">pic.twitter.com\/7JF9AVuhEM<\/a>&#13;<br \/>\n\u2014 SL Benfica (@SLBenfica) <a href=\"https:\/\/twitter.com\/SLBenfica\/status\/2023943527906844839?ref_src=twsrc%5Etfw\" rel=\"nofollow noopener\" target=\"_blank\">February 18, 2026<\/a><\/p>\n<\/blockquote>\n<p>          <script async src=\"https:\/\/platform.twitter.com\/widgets.js\" charset=\"utf-8\"><\/script><\/p>\n","protected":false},"excerpt":{"rendered":"&#13; Real Madrid alistas teisip\u00e4eva \u00f5htul Lissaboni Benfica, ent kohtumist j\u00e4i varjutama rassismiskandaal. Nimelt s\u00f5imas Benfica nooruk Gianluca&hellip;\n","protected":false},"author":2,"featured_media":110685,"comment_status":"","ping_status":"","sticky":false,"template":"","format":"standard","meta":{"footnotes":"","_share_on_mastodon":"0"},"categories":[18],"tags":[6429,37,33,35,34,36,454,20248,6599,1190,3073,609,159,158,52447,15152,15154],"class_list":["post-110684","post","type-post","status-publish","format-standard","has-post-thumbnail","category-sport","tag-benfica","tag-ee","tag-eesti","tag-eesti-keel","tag-estonia","tag-estonian","tag-jarelkaja","tag-lissaboni-benfica","tag-madrid","tag-meistrite-liiga","tag-real","tag-real-madrid","tag-sport","tag-sports","tag-vini","tag-vinicius","tag-vinicius-junior"],"share_on_mastodon":{"url":"https:\/\/pubeurope.com\/@ee\/116090764197104319","error":""},"_links":{"self":[{"href":"https:\/\/www.europesays.com\/ee\/wp-json\/wp\/v2\/posts\/110684","targetHints":{"allow":["GET"]}}],"collection":[{"href":"https:\/\/www.europesays.com\/ee\/wp-json\/wp\/v2\/posts"}],"about":[{"href":"https:\/\/www.europesays.com\/ee\/wp-json\/wp\/v2\/types\/post"}],"author":[{"embeddable":true,"href":"https:\/\/www.europesays.com\/ee\/wp-json\/wp\/v2\/users\/2"}],"replies":[{"embeddable":true,"href":"https:\/\/www.europesays.com\/ee\/wp-json\/wp\/v2\/comments?post=110684"}],"version-history":[{"count":0,"href":"https:\/\/www.europesays.com\/ee\/wp-json\/wp\/v2\/posts\/110684\/revisions"}],"wp:featuredmedia":[{"embeddable":true,"href":"https:\/\/www.europesays.com\/ee\/wp-json\/wp\/v2\/media\/110685"}],"wp:attachment":[{"href":"https:\/\/www.europesays.com\/ee\/wp-json\/wp\/v2\/media?parent=110684"}],"wp:term":[{"taxonomy":"category","embeddable":true,"href":"https:\/\/www.europesays.com\/ee\/wp-json\/wp\/v2\/categories?post=110684"},{"taxonomy":"post_tag","embeddable":true,"href":"https:\/\/www.europesays.com\/ee\/wp-json\/wp\/v2\/tags?post=110684"}],"curies":[{"name":"wp","href":"https:\/\/api.w.org\/{rel}","templated":true}]}}