{"id":110722,"date":"2026-02-18T09:21:07","date_gmt":"2026-02-18T09:21:07","guid":{"rendered":"https:\/\/www.europesays.com\/ee\/110722\/"},"modified":"2026-02-18T09:21:07","modified_gmt":"2026-02-18T09:21:07","slug":"prantsusmaal-vahistati-paremaarmusliku-aktivisti-tapmise-parast-uheksa-inimest-sealhulgas-parlamendi-liikme-abi","status":"publish","type":"post","link":"https:\/\/www.europesays.com\/ee\/110722\/","title":{"rendered":"Prantsusmaal vahistati parem\u00e4\u00e4rmusliku aktivisti tapmise p\u00e4rast \u00fcheksa inimest, sealhulgas parlamendi liikme abi"},"content":{"rendered":"<p>23-aastane Deranque suri raskesse ajuvigastusse p\u00e4rast seda, kui teda r\u00fcndas eelmisel n\u00e4dalal <a rel=\"noopener nofollow\" target=\"_blank\" href=\"https:\/\/www.delfi.ee\/teema\/31574821\/lyon\" tag-id=\"31574821\">Lyonis<\/a> v\u00e4hemalt kuus inimest. Juhtum leidis aset seoses parem\u00e4\u00e4rmuslaste meeleavaldusega \u00fclikoolis esinenud vasakpoolse poliitiku vastu.<\/p>\n<p>Juhtum on \u00f5hutanud pingeid Prantsusmaa vasak- ja parem\u00e4\u00e4rmuslaste vahel enne m\u00e4rtsis toimuvaid kohalike omavalitsuste valimisi ja j\u00e4rgmisel aastal toimuvaid presidendivalimisi, kus peetakse favoriidiks parem\u00e4\u00e4rmuslikku Rahvuskogu (RN).<\/p>\n<p>Lyoni prokur\u00f6r Thierry Dran teatas alguses nelja kahtlusaluse vahistamisest ja siis veel viie.<\/p>\n<p>Kuut inimest kahtlustatakse Deranque\u2019i peksmises osalemises ja kolme neile kaasaaitamises, teatas allikas AFP-le. Seitse vahistatut on mehed ja kaks naised. Allika s\u00f5nul v\u00f5ib toimuda veel vahistamisi.<\/p>\n<p>Allika teatel oli esimese nelja vahistatu hulgas vasak\u00e4\u00e4rmusliku erakonna La France Insoumise (Alistamatu Prantsusmaa \u2013 LFI) parlamendiliikme Rapha\u00ebl Arnault\u2019 assistent. Arnault teatas, et vallandab ta.<\/p>\n<p>\u201eMis puudutab v\u00e4givalda, kas kaitsvat v\u00f5i r\u00fcndavat, siis k\u00f5ik l\u00f6\u00f6gid ei ole lubatud,\u201c \u00fctles M\u00e9lenchon.<\/p>\n<p>Sisser\u00e4ndevastane organisatsioon Nemesis, mis v\u00e4idab, et v\u00f5itleb l\u00e4\u00e4ne naiste vastase v\u00e4givalla vastu, teatas, et Deranque oli Lyoni meeleavaldusel selle liikmeid kaitsmas.<\/p>\n<p>Nemesis on s\u00fc\u00fcdistanud tapmises antifa\u0161istlikku noorteorganisatsiooni La Jeune Guard (Noor Kaardiv\u00e4gi), mille \u00fcks kaasasutajaid oli enne parlamenti valimist Arnault.<\/p>\n<p>Juunis laiali saadetud La Jeune Guard on aga eitanud mistahes seost \u201etraagiliste s\u00fcndmustega\u201c ja Arnault on nimetanud tapmist kohutavaks.<\/p>\n<p>Neljap\u00e4eval toimunud r\u00fcnnakut on kirjeldatud ka kui varem kokku lepitud kaklust vasak- ja parem\u00e4\u00e4rmuslaste vahel, \u00fctles juurdlusele l\u00e4hedane allikas.<\/p>\n<p>Telekanali TF1 videos on n\u00e4ha tosinat inimest peksmas kolme maas lamajat, kellest kahel \u00f5nnestub p\u00f5geneda.<\/p>\n<p>\u00dche AFP allika s\u00f5nul peksid inimesed \u00fcksteist raudkangidega.<\/p>\n<p>RN-i \u00fcks juhte <a rel=\"noopener nofollow\" target=\"_blank\" href=\"https:\/\/www.delfi.ee\/teema\/60384204\/marine-le-pen\" tag-id=\"60384204\">Marine Le Pen<\/a> m\u00f5istis hukka \u201eselle lint\u0161imise eest vastutavad barbarid\u201c.<\/p>\n<p>Le Peni parem k\u00e4si <a rel=\"noopener nofollow\" target=\"_blank\" href=\"https:\/\/www.delfi.ee\/teema\/96860186\/jordan-bardella\" tag-id=\"96860186\">Jordan Bardella<\/a>, kes on erakonna esimees, \u00fctles, et M\u00e9lenchon kannab juhtunu eest moraalset ja poliitilist vastutust ning on avanud parlamendi uksed arvatavatele m\u00f5rtsukatele.<\/p>\n<p>2027. aasta presidendivalimiste eel on arvamusk\u00fcsitluste j\u00e4rgi eduseisus parem\u00e4\u00e4rmuslased.<\/p>\n<p>Kuidas see lugu Sind end tundma pani? Saada <a href=\"https:\/\/www.delfi.ee\/artikkel\/120437056\/prantsusmaal-vahistati-paremaarmusliku-aktivisti-tapmise-parast-uheksa-inimest-sealhulgas-parlamendi-liikme-abi\/kommentaarid\" class=\"article-body-bottom__comment article-body-bottom__comment--write button button--primary button--size-auto\" rel=\"nofollow noopener\" target=\"_blank\"> Kommenteeri <\/a><a href=\"https:\/\/www.delfi.ee\/artikkel\/120437056\/prantsusmaal-vahistati-paremaarmusliku-aktivisti-tapmise-parast-uheksa-inimest-sealhulgas-parlamendi-liikme-abi\/kommentaarid\" class=\"article-body-bottom__comment article-body-bottom__comment--read button button--size-auto\" rel=\"nofollow noopener\" target=\"_blank\"> Loe kommentaare (12)<\/a><\/p>\n","protected":false},"excerpt":{"rendered":"23-aastane Deranque suri raskesse ajuvigastusse p\u00e4rast seda, kui teda r\u00fcndas eelmisel n\u00e4dalal Lyonis v\u00e4hemalt kuus inimest. Juhtum leidis&hellip;\n","protected":false},"author":2,"featured_media":110723,"comment_status":"","ping_status":"","sticky":false,"template":"","format":"standard","meta":{"footnotes":"","_share_on_mastodon":"0"},"categories":[80],"tags":[26,27,37,33,35,34,36,31,32,21,37916,26129,28,29,7355,95,4370,19,25,52,23,24,22,20,30,92,93,94],"class_list":["post-110722","post","type-post","status-publish","format-standard","has-post-thumbnail","category-maailm","tag-breaking-news","tag-breakingnews","tag-ee","tag-eesti","tag-eesti-keel","tag-estonia","tag-estonian","tag-featured-news","tag-featurednews","tag-headlines","tag-jean-luc-melenchon","tag-jordan-bardella","tag-latest-news","tag-latestnews","tag-lyon","tag-maailm","tag-marine-le-pen","tag-news","tag-populaarseimad-lood","tag-prantsusmaa","tag-top-stories","tag-topstories","tag-uldised-uudised","tag-uudised","tag-viimased-uudised","tag-world","tag-world-news","tag-worldnews"],"share_on_mastodon":{"url":"https:\/\/pubeurope.com\/@ee\/116090901910977575","error":""},"_links":{"self":[{"href":"https:\/\/www.europesays.com\/ee\/wp-json\/wp\/v2\/posts\/110722","targetHints":{"allow":["GET"]}}],"collection":[{"href":"https:\/\/www.europesays.com\/ee\/wp-json\/wp\/v2\/posts"}],"about":[{"href":"https:\/\/www.europesays.com\/ee\/wp-json\/wp\/v2\/types\/post"}],"author":[{"embeddable":true,"href":"https:\/\/www.europesays.com\/ee\/wp-json\/wp\/v2\/users\/2"}],"replies":[{"embeddable":true,"href":"https:\/\/www.europesays.com\/ee\/wp-json\/wp\/v2\/comments?post=110722"}],"version-history":[{"count":0,"href":"https:\/\/www.europesays.com\/ee\/wp-json\/wp\/v2\/posts\/110722\/revisions"}],"wp:featuredmedia":[{"embeddable":true,"href":"https:\/\/www.europesays.com\/ee\/wp-json\/wp\/v2\/media\/110723"}],"wp:attachment":[{"href":"https:\/\/www.europesays.com\/ee\/wp-json\/wp\/v2\/media?parent=110722"}],"wp:term":[{"taxonomy":"category","embeddable":true,"href":"https:\/\/www.europesays.com\/ee\/wp-json\/wp\/v2\/categories?post=110722"},{"taxonomy":"post_tag","embeddable":true,"href":"https:\/\/www.europesays.com\/ee\/wp-json\/wp\/v2\/tags?post=110722"}],"curies":[{"name":"wp","href":"https:\/\/api.w.org\/{rel}","templated":true}]}}