{"id":110752,"date":"2026-02-18T09:54:06","date_gmt":"2026-02-18T09:54:06","guid":{"rendered":"https:\/\/www.europesays.com\/ee\/110752\/"},"modified":"2026-02-18T09:54:06","modified_gmt":"2026-02-18T09:54:06","slug":"ukraina-kehtestas-lukasenkale-isiklikud-sanktsioonid","status":"publish","type":"post","link":"https:\/\/www.europesays.com\/ee\/110752\/","title":{"rendered":"Ukraina kehtestas Luka\u0161enkale isiklikud sanktsioonid"},"content":{"rendered":"<p>\u201eAljaksandr Luka\u0161enka vahetab juba \u00fcsna pikka aega Valgevene suver\u00e4\u00e4nsust isikliku v\u00f5imu j\u00e4tkumise vastu, aitab venelastel agressiooni eest kehtestatud maailma sanktsioonidest m\u00f6\u00f6da minna, \u00f5igustab aktiivselt Vene s\u00f5da ja n\u00fc\u00fcd suurendab veel oma isiklikku osalemist s\u00f5ja laiendamises ja venitamises. Selle eest tulevad erilised tagaj\u00e4rjed,\u201c teatas Zelensk\u00f5i.<\/p>\n<p>Zelensk\u00f5i tuletas meelde, et 2025. aastal paigutas Vene armee Valgevenesse l\u00f6\u00f6gidroonide juhtimise retranslatsioonijaamade s\u00fcsteemi, mis parandas <a rel=\"noopener nofollow\" target=\"_blank\" href=\"https:\/\/www.delfi.ee\/teema\/3\/venemaa\" tag-id=\"3\">Venemaa<\/a> v\u00f5imalusi anda l\u00f6\u00f6ke Ukraina p\u00f5hjaosale. Zelensk\u00f5i lisas, et ilma sellise abita oleks Vene l\u00f6\u00f6kide arv Ukraina energeetikaobjektide ja raudtee pihta v\u00e4iksem.<\/p>\n<p>Zelensk\u00f5i m\u00e4rkis, et Vene s\u00f5ja teenistusse on antud \u00fcle 3000 Valgevene ettev\u00f5tte. Need pakuvad kriitilise t\u00e4htsusega tehnikat, seadmeid ja komponente muu hulgas rakettide tootmiseks.<\/p>\n<p>\u201eJ\u00e4tkub ka taristu arendamine keskmaarakettide <a rel=\"noopener nofollow\" target=\"_blank\" href=\"https:\/\/www.delfi.ee\/teema\/96865372\/oresnik\" tag-id=\"96865372\">Ore\u0161nik<\/a> paigutamiseks Valgevene territooriumile, mis on ilmne oht mitte ainult ukrainlaste, vaid k\u00f5igi eurooplaste jaoks,\u201c tuletas Zelensk\u00f5i meelde.<\/p>\n<p>Ukraina presidendikantselei veebilehele ilmus ka vastav ukaas.<\/p>\n<p>Kuidas see lugu Sind end tundma pani? Saada <a href=\"https:\/\/www.delfi.ee\/artikkel\/120437070\/ukraina-kehtestas-lukasenkale-isiklikud-sanktsioonid\/kommentaarid\" class=\"article-body-bottom__comment article-body-bottom__comment--write button button--primary button--size-auto\" rel=\"nofollow noopener\" target=\"_blank\"> Kommenteeri <\/a><a href=\"https:\/\/www.delfi.ee\/artikkel\/120437070\/ukraina-kehtestas-lukasenkale-isiklikud-sanktsioonid\/kommentaarid\" class=\"article-body-bottom__comment article-body-bottom__comment--read button button--size-auto\" rel=\"nofollow noopener\" target=\"_blank\"> Loe kommentaare (4)<\/a><\/p>\n","protected":false},"excerpt":{"rendered":"\u201eAljaksandr Luka\u0161enka vahetab juba \u00fcsna pikka aega Valgevene suver\u00e4\u00e4nsust isikliku v\u00f5imu j\u00e4tkumise vastu, aitab venelastel agressiooni eest kehtestatud&hellip;\n","protected":false},"author":2,"featured_media":110753,"comment_status":"","ping_status":"","sticky":false,"template":"","format":"standard","meta":{"footnotes":"","_share_on_mastodon":"0"},"categories":[80],"tags":[8772,26,27,37,33,35,34,36,31,32,21,28,29,95,19,6990,25,107,23,24,262,22,20,2170,96,30,263,92,93,94],"class_list":["post-110752","post","type-post","status-publish","format-standard","has-post-thumbnail","category-maailm","tag-aljaksandr-lukasenka","tag-breaking-news","tag-breakingnews","tag-ee","tag-eesti","tag-eesti-keel","tag-estonia","tag-estonian","tag-featured-news","tag-featurednews","tag-headlines","tag-latest-news","tag-latestnews","tag-maailm","tag-news","tag-oresnik","tag-populaarseimad-lood","tag-soda-ukrainas","tag-top-stories","tag-topstories","tag-ukraina","tag-uldised-uudised","tag-uudised","tag-valgevene","tag-venemaa","tag-viimased-uudised","tag-volodomor-zelenskoi","tag-world","tag-world-news","tag-worldnews"],"share_on_mastodon":{"url":"https:\/\/pubeurope.com\/@ee\/116091031884116172","error":""},"_links":{"self":[{"href":"https:\/\/www.europesays.com\/ee\/wp-json\/wp\/v2\/posts\/110752","targetHints":{"allow":["GET"]}}],"collection":[{"href":"https:\/\/www.europesays.com\/ee\/wp-json\/wp\/v2\/posts"}],"about":[{"href":"https:\/\/www.europesays.com\/ee\/wp-json\/wp\/v2\/types\/post"}],"author":[{"embeddable":true,"href":"https:\/\/www.europesays.com\/ee\/wp-json\/wp\/v2\/users\/2"}],"replies":[{"embeddable":true,"href":"https:\/\/www.europesays.com\/ee\/wp-json\/wp\/v2\/comments?post=110752"}],"version-history":[{"count":0,"href":"https:\/\/www.europesays.com\/ee\/wp-json\/wp\/v2\/posts\/110752\/revisions"}],"wp:featuredmedia":[{"embeddable":true,"href":"https:\/\/www.europesays.com\/ee\/wp-json\/wp\/v2\/media\/110753"}],"wp:attachment":[{"href":"https:\/\/www.europesays.com\/ee\/wp-json\/wp\/v2\/media?parent=110752"}],"wp:term":[{"taxonomy":"category","embeddable":true,"href":"https:\/\/www.europesays.com\/ee\/wp-json\/wp\/v2\/categories?post=110752"},{"taxonomy":"post_tag","embeddable":true,"href":"https:\/\/www.europesays.com\/ee\/wp-json\/wp\/v2\/tags?post=110752"}],"curies":[{"name":"wp","href":"https:\/\/api.w.org\/{rel}","templated":true}]}}