{"id":110769,"date":"2026-02-18T10:18:06","date_gmt":"2026-02-18T10:18:06","guid":{"rendered":"https:\/\/www.europesays.com\/ee\/110769\/"},"modified":"2026-02-18T10:18:06","modified_gmt":"2026-02-18T10:18:06","slug":"video-reinsalu-kinnitab-et-isamaa-naitas-karnerile-igaveseks-punast-tuld-ta-ise-hoidis-teadlikult-tagaplaanile","status":"publish","type":"post","link":"https:\/\/www.europesays.com\/ee\/110769\/","title":{"rendered":"VIDEO | Reinsalu kinnitab, et Isamaa n\u00e4itas K\u00e4rnerile igaveseks punast tuld. Ta ise hoidis teadlikult tagaplaanile"},"content":{"rendered":"<p>Isamaa Tartu volikogu fraktsioon teatas paar p\u00e4eva tagasi, et arvab K\u00e4rneri enda ridadest v\u00e4lja. Viimane piisk karikasse oli see, et 29-aastane striimer tegi videoklipi, kus r\u00e4\u00e4kis oma h\u00fcpoteetilisest k\u00fcmneaastasest lapsest, kes \u201ej\u00e4i kahjuks ilma holokaustist\u201c.<\/p>\n<p>\u201eK\u00fcmneaastane, temaga saab juba maailma asjadest natukene r\u00e4\u00e4kida. Ta saab juba koolis kiusata p*deraste, transseksuaale ja k\u00f5iki muid v\u00e4hemusi. Pumbaga saaks juba tulistada n\u00e4iteks lasketiirus. Ja ta saaks vaadata peeglisse ja \u00f6elda, et \u201emina j\u00e4in kahjuks holokaustist ilma\u201c,\u201c lausus K\u00e4rner videos, mis TikTokis oma elu hakkas elama.<\/p>\n<p>Oled juba tellija?Logi sisse<\/p>\n<p><a href=\"https:\/\/www.delfi.ee\/artikkel\/120437086\/video-reinsalu-kinnitab-et-isamaa-naitas-karnerile-igaveseks-punast-tuld-ta-ise-hoidis-teadlikult-tagaplaanile\/kommentaarid\" class=\"article-body-bottom__comment article-body-bottom__comment--write button button--primary button--size-auto\" rel=\"nofollow noopener\" target=\"_blank\"> Kommenteeri <\/a><a href=\"https:\/\/www.delfi.ee\/artikkel\/120437086\/video-reinsalu-kinnitab-et-isamaa-naitas-karnerile-igaveseks-punast-tuld-ta-ise-hoidis-teadlikult-tagaplaanile\/kommentaarid\" class=\"article-body-bottom__comment article-body-bottom__comment--read button button--size-auto\" rel=\"nofollow noopener\" target=\"_blank\"> Loe kommentaare (11)<\/a><\/p>\n","protected":false},"excerpt":{"rendered":"Isamaa Tartu volikogu fraktsioon teatas paar p\u00e4eva tagasi, et arvab K\u00e4rneri enda ridadest v\u00e4lja. Viimane piisk karikasse oli&hellip;\n","protected":false},"author":2,"featured_media":110770,"comment_status":"","ping_status":"","sticky":false,"template":"","format":"standard","meta":{"footnotes":"","_share_on_mastodon":"0"},"categories":[5],"tags":[26,27,37,33,35,34,36,31,32,21,12521,28,29,19,25,23,24,22,644,20,30],"class_list":["post-110769","post","type-post","status-publish","format-standard","has-post-thumbnail","category-uldised-uudised","tag-breaking-news","tag-breakingnews","tag-ee","tag-eesti","tag-eesti-keel","tag-estonia","tag-estonian","tag-featured-news","tag-featurednews","tag-headlines","tag-kris-karner","tag-latest-news","tag-latestnews","tag-news","tag-populaarseimad-lood","tag-top-stories","tag-topstories","tag-uldised-uudised","tag-urmas-reinsalu","tag-uudised","tag-viimased-uudised"],"share_on_mastodon":{"url":"https:\/\/pubeurope.com\/@ee\/116091125915667349","error":""},"_links":{"self":[{"href":"https:\/\/www.europesays.com\/ee\/wp-json\/wp\/v2\/posts\/110769","targetHints":{"allow":["GET"]}}],"collection":[{"href":"https:\/\/www.europesays.com\/ee\/wp-json\/wp\/v2\/posts"}],"about":[{"href":"https:\/\/www.europesays.com\/ee\/wp-json\/wp\/v2\/types\/post"}],"author":[{"embeddable":true,"href":"https:\/\/www.europesays.com\/ee\/wp-json\/wp\/v2\/users\/2"}],"replies":[{"embeddable":true,"href":"https:\/\/www.europesays.com\/ee\/wp-json\/wp\/v2\/comments?post=110769"}],"version-history":[{"count":0,"href":"https:\/\/www.europesays.com\/ee\/wp-json\/wp\/v2\/posts\/110769\/revisions"}],"wp:featuredmedia":[{"embeddable":true,"href":"https:\/\/www.europesays.com\/ee\/wp-json\/wp\/v2\/media\/110770"}],"wp:attachment":[{"href":"https:\/\/www.europesays.com\/ee\/wp-json\/wp\/v2\/media?parent=110769"}],"wp:term":[{"taxonomy":"category","embeddable":true,"href":"https:\/\/www.europesays.com\/ee\/wp-json\/wp\/v2\/categories?post=110769"},{"taxonomy":"post_tag","embeddable":true,"href":"https:\/\/www.europesays.com\/ee\/wp-json\/wp\/v2\/tags?post=110769"}],"curies":[{"name":"wp","href":"https:\/\/api.w.org\/{rel}","templated":true}]}}