{"id":110802,"date":"2026-02-18T10:58:08","date_gmt":"2026-02-18T10:58:08","guid":{"rendered":"https:\/\/www.europesays.com\/ee\/110802\/"},"modified":"2026-02-18T10:58:08","modified_gmt":"2026-02-18T10:58:08","slug":"eesti-paralumpiakomitee-moistab-agressorriikide-parasuusatajate-oma-sumbolitega-olumpiale-lubamise-hukka","status":"publish","type":"post","link":"https:\/\/www.europesays.com\/ee\/110802\/","title":{"rendered":"Eesti paral\u00fcmpiakomitee m\u00f5istab agressorriikide parasuusatajate oma s\u00fcmbolitega ol\u00fcmpiale lubamise hukka"},"content":{"rendered":"<p>FIS ning IPC otsustasid eraldada Venemaa ja Valgevene sportlastele k\u00fcmme osaluskohta eelseisvatel Milano-Cortina taliparal\u00fcmpiam\u00e4ngudel kolmel FIS-i kureeriteval spordialal: lumelauas\u00f5idus, m\u00e4esuusatamises ja murdmaasuusatamises. K\u00fcmnest kohast kuus anti Venemaa ja neli Valgevene esindajatele.<\/p>\n<p>Eesti paral\u00fcmpiakomitee m\u00f5istab t\u00e4ielikult hukka agressorriikide parasportlaste osalemise taliparal\u00fcmpiam\u00e4ngudel olukorras, kus <a rel=\"noopener nofollow\" target=\"_blank\" href=\"https:\/\/www.delfi.ee\/teema\/25048531\/ukraina\" tag-id=\"25048531\">Ukraina<\/a>-vastane s\u00f5jategevus j\u00e4tkub. <\/p>\n<p>\u201ePeame \u00e4\u00e4rmiselt oluliseks, et rahvusvaheliste spordiorganisatsioonide otsused oleksid l\u00e4bipaistvad, j\u00e4rjepidevad ning koosk\u00f5las ausa m\u00e4ngu, turvalisuse ja paral\u00fcmpialiikumise p\u00f5hiv\u00e4\u00e4rtustega. Otsus lubada agressorriikide esindajatel osaleda oma nime, rahvuslike s\u00fcmbolite v\u00e4rvide all seab ohtu paral\u00fcmpialiikumise maine, kahjustab usaldust rahvusvaheliste spordiorganisatsioonide vastu ning me m\u00f5istame selle t\u00e4ielikult hukka. Oleme enda poolt teinud k\u00f5ik v\u00f5imaliku selleks, et Venemaa ega Valgevene parasportased Milano-Cortina paral\u00fcmpiam\u00e4ngudele v\u00f5istlema ei p\u00e4\u00e4seks ning oma seisukohad selgelt v\u00e4lja \u00f6elnud,\u201c \u00fctles Eesti paral\u00fcmpiakomitee <a rel=\"noopener nofollow\" target=\"_blank\" href=\"https:\/\/www.delfi.ee\/teema\/487\/president\" tag-id=\"487\">president<\/a> Monika Haukan\u00f5mm.<\/p>\n<p>Eesti parasportlastest osaleb Milano-Cortina taliparal\u00fcmpiam\u00e4ngudel ratastoolikurlingu segapaar Ain Villau ja K\u00e4tlin Riidebach. Ratastoolikurlingu nagu ka paralaskesuusatamise ega parahoki v\u00f5istlustele agressorriikide sportlasi ei lubata.<\/p>\n<p>\u201eTegemist on \u00e4\u00e4rmiselt kahetsusv\u00e4\u00e4rse otsusega IPC ja FIS-i poolt. Eesti paral\u00fcmpiakomitee ei tolereeri agressorriikide sportlaste osalust paral\u00fcmpiam\u00e4ngudel oma riigi s\u00fcmboolikaga. Rahvusvaheliste organisatsioonide hiline teadaandmine ning nende otsuste l\u00e4bipaistmatus on lubamatu ja solvav. Kahjuks on see praeguses situatsioonis karm reaalsus ning loodan, et Milano-Cortina paral\u00fcmpiam\u00e4ngude fookus j\u00e4\u00e4b Eestis meie kurlingupaarile K\u00e4tlin Riidebachile ja Ain Villaule,\u201c \u00fctles Eesti delegatsiooni juht Alfred V\u00e4rnik.<\/p>\n<p>27. septembril 2025 Soulis toimunud rahvusvahelise paral\u00fcmpiakomitee (IPC) peaassambleel toimunud h\u00e4\u00e4letuse tulemusel otsustati mitte pikendada Venemaa paral\u00fcmpiakomitee ega Valgevene paral\u00fcmpiakomitee liikme\u00f5iguste osalist peatamist. Seel\u00e4bi taastusid Venemaa paral\u00fcmpiakomitee ja Valgevene paral\u00fcmpiakomitee liikme\u00f5igused t\u00e4ielikult ning m\u00f5lema riigi esindused said \u00f5iguse osaleda oma lipu ja muude s\u00fcmbolitega 2026. aasta Milano-Cortina taliparal\u00fcmpiam\u00e4ngudel.<\/p>\n<p>21. oktoobril 2025 otsustas rahvusvahelise suusaliidu (FIS) n\u00f5ukogu mitte lubada Valgevene ega Venemaa sportlasi oma kvalifikatsiooniv\u00f5istlustel osalema. IBU (paralaskesuusatamine) kongress otsustas 2022. aasta septembris, et Valgevene ja Venemaa laskesuusaliitude liikme\u00f5igused on peatatud. Eelmise aasta jaanuaris teatas World Curling (ratastoolikurling), et Valgevene ja Venemaa on k\u00f5rvaldatud v\u00f5istlustelt hooaja 2024\/25 l\u00f5puni, mist\u00f5ttu ei saanud nimetatud riikide koondised t\u00e4navustele Milano-Cortina paral\u00fcmpiam\u00e4ngudele kvalifitseeruda.<\/p>\n<p>2. detsembril 2025 otsustas rahvusvaheline spordiarbitraa\u017e (CAS) lubada tingimustele vastavatel agressorriikide sportlastel osaleda paral\u00fcmpiam\u00e4ngude kvalifikatsiooniv\u00f5istlustel neutraalsete paraatleetidena ning 17. jaanuaril 2026 avaldas IPC, et Venemaa ja Valgevene sportlastel on v\u00f5imalik lisakoha (wild card) alusel siiski Milano-Cortina paral\u00fcmpiam\u00e4ngudele p\u00e4\u00e4seda kolmel FIS-i kureeritaval spordialal: lumelauas\u00f5idus ning m\u00e4e- ja murdmaasuusatamises. Lisap\u00e4\u00e4sme saanud parasportlaste nimekiri avalikustati 17. veebruaril, sinna kuuluvad kuus Venemaa ja neli Valgevene parasportlast.<\/p>\n<p>Eesti paral\u00fcmpiakomitee on tihedas kontaktis Balti riikide paral\u00fcmpiakomiteede esindajatega ning teeb koost\u00f6\u00f6d rahvusvaheliste partneritega, et kaitsta paral\u00fcmpiasportlaste \u00f5igusi, turvalisust ja v\u00f5rdset kohtlemist. EPK avaldab j\u00e4tkuvalt toetust Ukrainale ning seisab kindlalt selle eest, et sport ei muutuks agressiooni \u00f5igustamise vahendiks.<\/p>\n<p>Kuidas see lugu Sind end tundma pani? Saada <\/p>\n","protected":false},"excerpt":{"rendered":"FIS ning IPC otsustasid eraldada Venemaa ja Valgevene sportlastele k\u00fcmme osaluskohta eelseisvatel Milano-Cortina taliparal\u00fcmpiam\u00e4ngudel kolmel FIS-i kureeriteval spordialal:&hellip;\n","protected":false},"author":2,"featured_media":110803,"comment_status":"","ping_status":"","sticky":false,"template":"","format":"standard","meta":{"footnotes":"","_share_on_mastodon":"0"},"categories":[18],"tags":[10960,37,33,35,34,36,3710,3335,6115,1686,159,158,262,2170,96],"class_list":["post-110802","post","type-post","status-publish","format-standard","has-post-thumbnail","category-sport","tag-2020-tokyo-olumpia","tag-ee","tag-eesti","tag-eesti-keel","tag-estonia","tag-estonian","tag-fis","tag-milano","tag-paraolumpia","tag-president","tag-sport","tag-sports","tag-ukraina","tag-valgevene","tag-venemaa"],"share_on_mastodon":{"url":"https:\/\/pubeurope.com\/@ee\/116091283282868668","error":""},"_links":{"self":[{"href":"https:\/\/www.europesays.com\/ee\/wp-json\/wp\/v2\/posts\/110802","targetHints":{"allow":["GET"]}}],"collection":[{"href":"https:\/\/www.europesays.com\/ee\/wp-json\/wp\/v2\/posts"}],"about":[{"href":"https:\/\/www.europesays.com\/ee\/wp-json\/wp\/v2\/types\/post"}],"author":[{"embeddable":true,"href":"https:\/\/www.europesays.com\/ee\/wp-json\/wp\/v2\/users\/2"}],"replies":[{"embeddable":true,"href":"https:\/\/www.europesays.com\/ee\/wp-json\/wp\/v2\/comments?post=110802"}],"version-history":[{"count":0,"href":"https:\/\/www.europesays.com\/ee\/wp-json\/wp\/v2\/posts\/110802\/revisions"}],"wp:featuredmedia":[{"embeddable":true,"href":"https:\/\/www.europesays.com\/ee\/wp-json\/wp\/v2\/media\/110803"}],"wp:attachment":[{"href":"https:\/\/www.europesays.com\/ee\/wp-json\/wp\/v2\/media?parent=110802"}],"wp:term":[{"taxonomy":"category","embeddable":true,"href":"https:\/\/www.europesays.com\/ee\/wp-json\/wp\/v2\/categories?post=110802"},{"taxonomy":"post_tag","embeddable":true,"href":"https:\/\/www.europesays.com\/ee\/wp-json\/wp\/v2\/tags?post=110802"}],"curies":[{"name":"wp","href":"https:\/\/api.w.org\/{rel}","templated":true}]}}