{"id":110854,"date":"2026-02-18T12:05:08","date_gmt":"2026-02-18T12:05:08","guid":{"rendered":"https:\/\/www.europesays.com\/ee\/110854\/"},"modified":"2026-02-18T12:05:08","modified_gmt":"2026-02-18T12:05:08","slug":"valtna-kutsus-u19-koondise-minilaagrisse-seitse-flora-mangijat-soccernet-ee","status":"publish","type":"post","link":"https:\/\/www.europesays.com\/ee\/110854\/","title":{"rendered":"Valtna kutsus U19 koondise minilaagrisse seitse Flora m\u00e4ngijat &#8211; Soccernet.ee"},"content":{"rendered":"<p><img decoding=\"async\" src=\"https:\/\/www.europesays.com\/ee\/wp-content\/uploads\/2026\/02\/1760814981.jpg\" alt=\"Sander Alamaa. Foto: Katariina Peetson \/ jalgpall.ee\"\/>&#13;\n<\/p>\n<p>Noormeeste U19 koondis koguneb t\u00e4na kahep\u00e4evaseks minilaagriks. Peatreener Siim Valtna kutsus kokku 25 m\u00e4ngijat 13 erinevast klubist.\u00a0<\/p>\n<p>Koondis valmistub m\u00e4rtsi l\u00f5pus Helsingis toimuvaks EM-valikturniiriks, kus ristataske piigid Soome, T\u0161ehhi ja Ukrainaga. K\u00f5ige enam m\u00e4ngijaid tuleb laagrisse valitseva Eesti meistri Tallinna Flora ridadest (7). Enam kui \u00fche m\u00e4ngijaga on esindatud ka N\u00f5mme United (4), P\u00e4rnu Vaprus (3)\u00a0 ja Harju Laagri (2).\u00a0&#13;\n<\/p>\n<p>\u00dche m\u00e4ngijaga panustavad N\u00f5mme Kalju, FC Tallinn, Tallinna Levadia, Narva Trans, Viimsi JK ja Paide Linnameeskond. Kolm m\u00e4ngijat liitub sinis\u00e4rkidega ka v\u00e4lismaalt: Markus Kasemaa Jarl IFK G\u00f6teborgist, Jaris Arusalu HJK-st ning Kevin Marcus Laas VJS-ist. Kusjuures krooniti Jarl mullu detsembris G\u00f6teborgi ridades ka omavanuste Skandinaavia meistriks.\u00a0&#13;\n<\/p>\n<p>Kodumaal pallivatest meestest on Premium liigas k\u00f5ige enam m\u00e4nginud florakas Nikita Kalm\u00f5kov, kelle arvel on 22 kohtumist ja \u00fcks tabamus. K\u00f5ige enam v\u00e4ravaid on l\u00f6\u00f6nud aga 21 korral v\u00e4ljakule jooksnud Alamaa, kel kirjas kolm tabamust. Seitsme m\u00e4nguga on k\u00f5rgliigas \u00fche v\u00e4rava l\u00f6\u00f6nud ka Flora poolkaitsja Remo Valdmets. \u00dche korra on k\u00f5rgliigas v\u00e4ljakule jooksnud ka kaljukas Johannes Lillemets, harjukas Markus Kesa ning p\u00e4rnakas Emil Dolgov.<\/p>\n<p>U19 koondis veebruarikuu laagriks:&#13;\n<\/p>\n<p>V\u00e4ravavahid<br \/>&#13;<br \/>\nMarkkus Ristimets (19.08.2008) \u2013 P\u00e4rnu JK Vaprus<br \/>&#13;<br \/>\nSander Ristna (28.10.2008) \u2013 Tallinna FC Flora<br \/>&#13;<br \/>\nAnders Raestik (28.10.2008) \u2013 Tallinna FC Flora&#13;\n<\/p>\n<p>Kaitsjad<br \/>&#13;<br \/>\nJohann Gregor Allas (06.11.2008) \u2013 P\u00e4rnu JK Vaprus\u2028<br \/>&#13;<br \/>\nRomet Leppik (11.05.2008) \u2013 FC N\u00f5mme United\u2028<br \/>&#13;<br \/>\nJohannes Lillemets (20.11.2008) \u2013 N\u00f5mme Kalju FC<br \/>&#13;<br \/>\nMikhail D\u017eemesjuk (08.07.2008) \u2013 FC Tallinn\u2028<br \/>&#13;<br \/>\nMarkus Kesa (04.06.2008) \u2013 Harju JK Laagri<br \/>&#13;<br \/>\nMark Villem Marmei (03.03.2008) \u2013 FC N\u00f5mme United\u2028<br \/>&#13;<br \/>\nAlexander Medvedev (03.10.2008) \u2013 Harju JK Laagri<br \/>&#13;<br \/>\nTristan Zahovaiko (18.09.2008) \u2013 Tallinna FCI Levadia<br \/>&#13;<br \/>\nNikita Kalm\u00f5kov (12.09.2008) \u2013 Tallinna FC Flora<br \/>&#13;<br \/>\nArtjom Truuv\u00e4\u00e4rt (31.07.2008) \u2013 FC N\u00f5mme United<br \/>&#13;<br \/>\nArnas Besigirskis (16.01.2008) \u2013 Narva Trans&#13;\n<\/p>\n<p>Poolkaitsjad<br \/>&#13;<br \/>\nMarten Kukkonen (18.07.2008) &#8211; Tallinna FC Flora<br \/>&#13;<br \/>\nEerik Paltser (02.05.2008) \u2013 Tallinna FC Flora<br \/>&#13;<br \/>\nArtsemi Radomski (22.08.2008) \u2013 FC N\u00f5mme United<br \/>&#13;<br \/>\nRemo Valdmets (06.01.2008) \u2013 Tallinna FC Flora<br \/>&#13;<br \/>\nMarkus Kasemaa Jarl (07.03.2008) \u2013 IFK G\u00f6teborg (SWE)&#13;\n<\/p>\n<p>R\u00fcndajad<br \/>&#13;<br \/>\nKarl M\u00e4gi (23.07.2008) \u2013 Viimsi JK<br \/>&#13;<br \/>\nHenri Lehtmaa (25.06.2008) \u2013 Paide Linnameeskond\u2028\u2028<br \/>&#13;<br \/>\nEmil Dolgov (10.05.2008) \u2013 P\u00e4rnu JK Vaprus<br \/>&#13;<br \/>\nJaris Arusalu (01.11.2008) \u2013 HJK (FIN)<br \/>&#13;<br \/>\nSander Alamaa (09.02.2008) \u2013 Tallinna FC Flora<br \/>&#13;<br \/>\nKevin Marcus Laas (17.02.2008) \u2013 VJS (FIN)&#13;\n<\/p>\n<p>Peatreener: Siim Valtna&#13;<\/p>\n","protected":false},"excerpt":{"rendered":"&#13; Noormeeste U19 koondis koguneb t\u00e4na kahep\u00e4evaseks minilaagriks. Peatreener Siim Valtna kutsus kokku 25 m\u00e4ngijat 13 erinevast klubist.\u00a0&hellip;\n","protected":false},"author":2,"featured_media":110855,"comment_status":"","ping_status":"","sticky":false,"template":"","format":"standard","meta":{"footnotes":"","_share_on_mastodon":"0"},"categories":[18],"tags":[5703,37,33,35,34,36,52500,42710,8288,159,158,8652],"class_list":["post-110854","post","type-post","status-publish","format-standard","has-post-thumbnail","category-sport","tag-alamaa","tag-ee","tag-eesti","tag-eesti-keel","tag-estonia","tag-estonian","tag-noormeeste-koondis","tag-sander-alamaa","tag-siim-valtna","tag-sport","tag-sports","tag-u19-koondis"],"share_on_mastodon":{"url":"https:\/\/pubeurope.com\/@ee\/116091546689878283","error":""},"_links":{"self":[{"href":"https:\/\/www.europesays.com\/ee\/wp-json\/wp\/v2\/posts\/110854","targetHints":{"allow":["GET"]}}],"collection":[{"href":"https:\/\/www.europesays.com\/ee\/wp-json\/wp\/v2\/posts"}],"about":[{"href":"https:\/\/www.europesays.com\/ee\/wp-json\/wp\/v2\/types\/post"}],"author":[{"embeddable":true,"href":"https:\/\/www.europesays.com\/ee\/wp-json\/wp\/v2\/users\/2"}],"replies":[{"embeddable":true,"href":"https:\/\/www.europesays.com\/ee\/wp-json\/wp\/v2\/comments?post=110854"}],"version-history":[{"count":0,"href":"https:\/\/www.europesays.com\/ee\/wp-json\/wp\/v2\/posts\/110854\/revisions"}],"wp:featuredmedia":[{"embeddable":true,"href":"https:\/\/www.europesays.com\/ee\/wp-json\/wp\/v2\/media\/110855"}],"wp:attachment":[{"href":"https:\/\/www.europesays.com\/ee\/wp-json\/wp\/v2\/media?parent=110854"}],"wp:term":[{"taxonomy":"category","embeddable":true,"href":"https:\/\/www.europesays.com\/ee\/wp-json\/wp\/v2\/categories?post=110854"},{"taxonomy":"post_tag","embeddable":true,"href":"https:\/\/www.europesays.com\/ee\/wp-json\/wp\/v2\/tags?post=110854"}],"curies":[{"name":"wp","href":"https:\/\/api.w.org\/{rel}","templated":true}]}}