{"id":111090,"date":"2026-02-18T17:28:19","date_gmt":"2026-02-18T17:28:19","guid":{"rendered":"https:\/\/www.europesays.com\/ee\/111090\/"},"modified":"2026-02-18T17:28:19","modified_gmt":"2026-02-18T17:28:19","slug":"latil-ei-jatku-raha-rail-balticu-trassi-muldkeha-ehitamiseks-valismaa","status":"publish","type":"post","link":"https:\/\/www.europesays.com\/ee\/111090\/","title":{"rendered":"L\u00e4til ei j\u00e4tku raha Rail Balticu trassi muldkeha ehitamiseks | V\u00e4lismaa"},"content":{"rendered":"<p>L\u00e4ti valitsus vaatas teisip\u00e4eval l\u00e4bi transpordiministeeriumi koostatud raporti ning selgus, et olemasoleva rahastusega on v\u00f5imalik veel rajada vaid veidi \u00fcle 50 kilomeetri p\u00f5hitrassi muldkeha.<\/p>\n<p>L\u00e4ti valitsus vaatas l\u00e4bi transpordiministeeriumi koostatud raporti Rail Balticu peatrassi ehitamise rahastamise kohta aastateks 2021\u20132027. Selgus, et olemasoleva rahastusega on praegu v\u00f5imalik ehitada vaid 52,66 kilomeetrit p\u00f5hitrassi muldkeha. Seega, L\u00e4ti saab praegu teha vaid osa vajalikke t\u00f6id.<\/p>\n<p>Projekti rahastatakse Euroopa Liidu rahastamisvahendi kaudu, millega toetatakse olulisi taristuobjekte. Selle kaudu laekub umbes 700 miljonit eurot p\u00f5hitrassi jaoks, sellest 603 miljonit eurot on m\u00f5eldud muldkeha ehituseks.\u00a0<\/p>\n<p>Raha suunatakse peamiselt l\u00f5unapoolse trassi ehitusele. Samuti rajatakse Iecava logistikakeskus, lisaks tuleb v\u00e4ike l\u00f5ik Misa ja Daugava j\u00f5e vahele, vahendas <a href=\"https:\/\/eng.lsm.lv\/article\/economy\/transport\/18.02.2026-rail-baltica-in-latvia-has-money-for-just-over-50-km-of-embankment.a635185\/\" target=\"_blank\" rel=\"noopener nofollow\">LSM<\/a>.<\/p>\n<p>Rail Balticu kohale on n\u00fc\u00fcd kerkinud tumedad pilved, kuna projekti tegelikud kulud on v\u00f5rreldes varasemate prognoosidega oluliselt kasvanud. Rail Balticu esimene etapp v\u00f5ib L\u00e4tis maksta ligi 5,5 miljardit eurot, Balti riikides kokku oleks maksumus 14,3 miljardit eurot. Veel 2017. aastal hinnati kogu Rail Baltica projekti maksumuseks 5,8 miljardit eurot, n\u00fc\u00fcd hinnatakse, et see v\u00f5ib k\u00fc\u00fcndida 23,8 miljardi euroni.<\/p>\n","protected":false},"excerpt":{"rendered":"L\u00e4ti valitsus vaatas teisip\u00e4eval l\u00e4bi transpordiministeeriumi koostatud raporti ning selgus, et olemasoleva rahastusega on v\u00f5imalik veel rajada vaid&hellip;\n","protected":false},"author":2,"featured_media":13122,"comment_status":"","ping_status":"","sticky":false,"template":"","format":"standard","meta":{"footnotes":"","_share_on_mastodon":"0"},"categories":[5],"tags":[26,27,37,33,35,34,36,31,32,21,15226,28,29,114,19,25,2268,19794,23,24,398,22,20,30],"class_list":["post-111090","post","type-post","status-publish","format-standard","has-post-thumbnail","category-uldised-uudised","tag-breaking-news","tag-breakingnews","tag-ee","tag-eesti","tag-eesti-keel","tag-estonia","tag-estonian","tag-featured-news","tag-featurednews","tag-headlines","tag-kulud","tag-latest-news","tag-latestnews","tag-lati","tag-news","tag-populaarseimad-lood","tag-rail-baltic","tag-taristu","tag-top-stories","tag-topstories","tag-transport","tag-uldised-uudised","tag-uudised","tag-viimased-uudised"],"share_on_mastodon":{"url":"https:\/\/pubeurope.com\/@ee\/116092816751373814","error":""},"_links":{"self":[{"href":"https:\/\/www.europesays.com\/ee\/wp-json\/wp\/v2\/posts\/111090","targetHints":{"allow":["GET"]}}],"collection":[{"href":"https:\/\/www.europesays.com\/ee\/wp-json\/wp\/v2\/posts"}],"about":[{"href":"https:\/\/www.europesays.com\/ee\/wp-json\/wp\/v2\/types\/post"}],"author":[{"embeddable":true,"href":"https:\/\/www.europesays.com\/ee\/wp-json\/wp\/v2\/users\/2"}],"replies":[{"embeddable":true,"href":"https:\/\/www.europesays.com\/ee\/wp-json\/wp\/v2\/comments?post=111090"}],"version-history":[{"count":0,"href":"https:\/\/www.europesays.com\/ee\/wp-json\/wp\/v2\/posts\/111090\/revisions"}],"wp:featuredmedia":[{"embeddable":true,"href":"https:\/\/www.europesays.com\/ee\/wp-json\/wp\/v2\/media\/13122"}],"wp:attachment":[{"href":"https:\/\/www.europesays.com\/ee\/wp-json\/wp\/v2\/media?parent=111090"}],"wp:term":[{"taxonomy":"category","embeddable":true,"href":"https:\/\/www.europesays.com\/ee\/wp-json\/wp\/v2\/categories?post=111090"},{"taxonomy":"post_tag","embeddable":true,"href":"https:\/\/www.europesays.com\/ee\/wp-json\/wp\/v2\/tags?post=111090"}],"curies":[{"name":"wp","href":"https:\/\/api.w.org\/{rel}","templated":true}]}}