{"id":111100,"date":"2026-02-18T17:50:26","date_gmt":"2026-02-18T17:50:26","guid":{"rendered":"https:\/\/www.europesays.com\/ee\/111100\/"},"modified":"2026-02-18T17:50:26","modified_gmt":"2026-02-18T17:50:26","slug":"labipaistmatu-kerksuskeskuse-asemele-kerkib-vaikimisi-kriisiinfokeskus-tartu-postimees","status":"publish","type":"post","link":"https:\/\/www.europesays.com\/ee\/111100\/","title":{"rendered":"L\u00e4bipaistmatu kerksuskeskuse asemele kerkib vaikimisi kriisiinfokeskus &#8211; Tartu Postimees"},"content":{"rendered":"<ol>\n<li><a href=\"https:\/\/news.google.com\/rss\/articles\/CBMiqAFBVV95cUxOOTVHOTBOcUNwTjQtV2x0alZtcHlrWU1pcm5BdXhoQWNMTG41R3VuRFdCUUxDUWpXUEt0T3hIbWJjZW1WbXBGdzNkNVZMcDZkWmNvX0pvSFpxc1dVYUl1NHVjZVVGdHFuWWMtc1p6aTgyeU1fRk5nWDQyNlNjcEhibjhZQXNFd1BzQ0lGc2J4eExXMG4yRkxyZHBLTXpUV0FXUldLTXV0TUE?oc=5\" target=\"_blank\" rel=\"nofollow noopener\">L\u00e4bipaistmatu kerksuskeskuse asemele kerkib vaikimisi kriisiinfokeskus<\/a>&nbsp;&nbsp;Tartu Postimees<\/li>\n<li><a href=\"https:\/\/news.google.com\/rss\/articles\/CBMijgFBVV95cUxQZW5WSXNaSFFuZzN5UmhjalVKd21hUGdTVHNsaWRzWk9ITTdocWFjbGpYeEJBME4wZ0RTOXJYNHB0U1liLURfWTM3SjliYVpSMG1HV2JnNVhLOTdqdEd1NHpHZkZxVW5rOUZ1ck5zc195OXRpTGpLdEdkNDB4dEdtY1l5Yzkxc21pUXpzS3B3?oc=5\" target=\"_blank\" rel=\"nofollow noopener\">T\u00dc ja TalTech ei lubanud veerandfinaalis end \u00fcllatada<\/a>&nbsp;&nbsp;sport | ERR<\/li>\n<li><a href=\"https:\/\/news.google.com\/rss\/articles\/CBMiWkFVX3lxTE9oemtLR0J2T2NnMjQxcXpLMUh6Y0dVOGZpNE9rQ21pR2xuNzJBOVRQYWJ6a1ZWZ0RkWW1aUjBLblpTZ3oxZU52WjlWbTMxa09zNDJVanpmX0M1UQ?oc=5\" target=\"_blank\" rel=\"nofollow noopener\">Utilitas Karikav\u00f5istlused Tartu \u00dclikool Maks &amp; Moorits ning TalTech\/ALEXELA kindlustasid koha poolfinaalis<\/a>&nbsp;&nbsp;Eesti Korvpalliliit<\/li>\n<li><a href=\"https:\/\/news.google.com\/rss\/articles\/CBMijgFBVV95cUxNbVVtU0NuSGYzQnI5MGVCRVNoaXhGaS1WLUFObWN4TDhtUVNqd1RUa3Z5NDdiLUtkUnAySWR4bkJVWWVOenY4QUNDVjZ1aVdBbnZkM181OGdwNUJsNGhXc21LMm1qTWROYlNtcWVvUnR3UW1DRkY3OEk1YUZQYnduN3NKdDdmMXBQSElwRHV3?oc=5\" target=\"_blank\" rel=\"nofollow noopener\">Tules h\u00e4vis garaa\u017e, \u00fclek\u00fctmisest s\u00fcttisid kortstnad<\/a>&nbsp;&nbsp;Tartu Postimees<\/li>\n<li><a href=\"https:\/\/news.google.com\/rss\/articles\/CBMiugFBVV95cUxOcUhvSFluaGNZVWw4eVQ1RTNiTFJYSzJ5U1RrYXF3bXh2bU9FdkNzX0dZMURic3dtVHowTlZOWnJ2Q09JdWYzWkF3YXJIU2xPVzBmakJxSXg1Rnk5QkN5NGNHcnNGOHo4VzdvenE1RUJwaGZhNF9mMWRiUDZhS0oxM0VSYnA1MS0xcVdIbkpfeWdwQUhQMjRrRnhIYlk4dEdtRjloaTJpQTZaNl9oTHk5NG5aV0pORXc5MVE?oc=5\" target=\"_blank\" rel=\"nofollow noopener\">TIPPHETKED | TalTech\/Alexela ei andnud karikasarja veerandfinaalis Viimsile v\u00f5imalust<\/a>&nbsp;&nbsp;Delfi Sport<\/li>\n<\/ol>\n","protected":false},"excerpt":{"rendered":"L\u00e4bipaistmatu kerksuskeskuse asemele kerkib vaikimisi kriisiinfokeskus&nbsp;&nbsp;Tartu Postimees T\u00dc ja TalTech ei lubanud veerandfinaalis end \u00fcllatada&nbsp;&nbsp;sport | ERR Utilitas&hellip;\n","protected":false},"author":2,"featured_media":111101,"comment_status":"","ping_status":"","sticky":false,"template":"","format":"standard","meta":{"footnotes":"","_share_on_mastodon":"0"},"categories":[5],"tags":[52600,26,27,37,33,35,6058,34,36,31,32,21,52599,28,29,27558,19,1581,25,23,24,22,20,30],"class_list":["post-111100","post","type-post","status-publish","format-standard","has-post-thumbnail","category-uldised-uudised","tag-arusaamatu","tag-breaking-news","tag-breakingnews","tag-ee","tag-eesti","tag-eesti-keel","tag-eesti-keele-instituut","tag-estonia","tag-estonian","tag-featured-news","tag-featurednews","tag-headlines","tag-kerksuskesku","tag-latest-news","tag-latestnews","tag-margit-langemets","tag-news","tag-paasteamet","tag-populaarseimad-lood","tag-top-stories","tag-topstories","tag-uldised-uudised","tag-uudised","tag-viimased-uudised"],"share_on_mastodon":{"url":"https:\/\/pubeurope.com\/@ee\/116092903299220510","error":""},"_links":{"self":[{"href":"https:\/\/www.europesays.com\/ee\/wp-json\/wp\/v2\/posts\/111100","targetHints":{"allow":["GET"]}}],"collection":[{"href":"https:\/\/www.europesays.com\/ee\/wp-json\/wp\/v2\/posts"}],"about":[{"href":"https:\/\/www.europesays.com\/ee\/wp-json\/wp\/v2\/types\/post"}],"author":[{"embeddable":true,"href":"https:\/\/www.europesays.com\/ee\/wp-json\/wp\/v2\/users\/2"}],"replies":[{"embeddable":true,"href":"https:\/\/www.europesays.com\/ee\/wp-json\/wp\/v2\/comments?post=111100"}],"version-history":[{"count":0,"href":"https:\/\/www.europesays.com\/ee\/wp-json\/wp\/v2\/posts\/111100\/revisions"}],"wp:featuredmedia":[{"embeddable":true,"href":"https:\/\/www.europesays.com\/ee\/wp-json\/wp\/v2\/media\/111101"}],"wp:attachment":[{"href":"https:\/\/www.europesays.com\/ee\/wp-json\/wp\/v2\/media?parent=111100"}],"wp:term":[{"taxonomy":"category","embeddable":true,"href":"https:\/\/www.europesays.com\/ee\/wp-json\/wp\/v2\/categories?post=111100"},{"taxonomy":"post_tag","embeddable":true,"href":"https:\/\/www.europesays.com\/ee\/wp-json\/wp\/v2\/tags?post=111100"}],"curies":[{"name":"wp","href":"https:\/\/api.w.org\/{rel}","templated":true}]}}