{"id":111114,"date":"2026-02-18T18:30:09","date_gmt":"2026-02-18T18:30:09","guid":{"rendered":"https:\/\/www.europesays.com\/ee\/111114\/"},"modified":"2026-02-18T18:30:09","modified_gmt":"2026-02-18T18:30:09","slug":"tartu-maraton-pakkus-draamat-viimase-meetrini-louna-eesti-postimees","status":"publish","type":"post","link":"https:\/\/www.europesays.com\/ee\/111114\/","title":{"rendered":"Tartu maraton pakkus draamat viimase meetrini &#8211; L\u00f5una-Eesti Postimees"},"content":{"rendered":"<ol>\n<li><a href=\"https:\/\/news.google.com\/rss\/articles\/CBMingFBVV95cUxPTTZnSUFuY3l2RkJIR2VOTkM0RFdPLVdTdDdSTGY3S3pEelJ6ejJUNDdzRktiWDk0Tm1fZmY2aXRqdE9nMzhQcjZLNHBjT2lENlNnUzYxX19RZ0dkM1NUN1FiTm9rMTZpOWR4OVc0NnJneXZYN01SdlRvRW5rV0VNZTRhekFiT0kxOXZ4Xy1SYVBPMEZvQmlrclZiM2Y3UQ?oc=5\" target=\"_blank\" rel=\"nofollow noopener\">Tartu maraton pakkus draamat viimase meetrini<\/a>&nbsp;&nbsp;L\u00f5una-Eesti Postimees<\/li>\n<li><a href=\"https:\/\/news.google.com\/rss\/articles\/CBMipAFBVV95cUxQcGgxQW9fcGw1RnV5UkllNlZuTy14LUJxNVp0QU14SzlhalFqNGFuNUs5WWItQWpXNkJuRFJZdWJ5c19aX1dtanhBeF9jc3ZLcEItaWxRcjhzVVV6eW9yNkRJaWtYYUlKeVlzcDB6b3YwdFVPTDdsZTJNLXJib19ILWxuMVg5S3Y2SW10SmhvZlJ0N3NReFJIa25ZX01tV3FaOXc3dA?oc=5\" target=\"_blank\" rel=\"nofollow noopener\">&#8220;AK. N\u00e4dal&#8221; j\u00e4lgis, kuidas valmistus Tartu maratoniks t\u00e4navune vanim osaleja<\/a>&nbsp;&nbsp;ERR<\/li>\n<li><a href=\"https:\/\/news.google.com\/rss\/articles\/CBMirgFBVV95cUxPWVNXSC1oVjdjZEFZeHhvdWJLeWhBNThsOEpPbWhRVGxPWktQUGxNbGtKQVhId0l3YzA4RWNyX0lmdTJoSC1SQkhNM2FKQXoxWHN3QVhsYlBwSk9NRW5kVDlsT0hDYXdNUW94TDRjd2hEY3poWmJST19IUnk0bTllaWZWemZ1M2xiR0toSFlBZUszNm9XUjRmUTB1NDF6V0xVaFBScFpzRUpsSEdPbnc?oc=5\" target=\"_blank\" rel=\"nofollow noopener\">SUUR GALERII | Tartu Maratoni v\u00f5itis Christopher Kalev, esik\u00fcmnes ka Karel Tammj\u00e4rv<\/a>&nbsp;&nbsp;Delfi Sport<\/li>\n<li><a href=\"https:\/\/news.google.com\/rss\/articles\/CBMi0gFBVV95cUxPUFE5RlkzdkNvUGs0eFBiYVlQRU9EWEJVNktYVnF0dlppcXhWZ1JLaEhiMXdEYnhDR0xCZ3NaSzdRcnZ1NDZieU5jR1dPcFVEclNGTWJlZ1dUTEMxQWZrSmhpLXQxeEY5eml4aEQxSnoxR29WUXBpVVpJUnFOS3huOEhDNU5SdTMxZWQwVWEtdEwxVHJpVk5yVWg3RHJnak9JZ0ZSdFhOVE11VG1paWR3Z1NiR3dtS1NsaVh6NU5nTDVuVGFUV1Y1aEZoMFJFRnhyWHc?oc=5\" target=\"_blank\" rel=\"nofollow noopener\">FOTOD MATULT | Salaja Tartu maratonile hiilinud suusahunt: ei tea, kas mind enam koju sisse lastaksegi<\/a>&nbsp;&nbsp;\u00d5htuleht<\/li>\n<li><a href=\"https:\/\/news.google.com\/rss\/articles\/CBMikwFBVV95cUxQVHcxUVVDMjlwaUVEWnpkVHVEZmk1bUZRSlVCSFVMZXlRM1pZalpuMF93X054eVlHV0FNZ2pOWDNlOW1Kelg2RmxsQlp4N2JTOUZMTEFHN3h6UHltaTRueTRWVUdvUENKcjllV3JNeUVOajEzU2QtZFV6SU9ONmxYVW5kUWJFSWpQM1N3aTNncjY4YjA?oc=5\" target=\"_blank\" rel=\"nofollow noopener\">KINDEL OTSUS: Tartu Maraton toimub t\u00e4ies pikkuses originaalrajal<\/a>&nbsp;&nbsp;L\u00f5unaeestlane<\/li>\n<\/ol>\n","protected":false},"excerpt":{"rendered":"Tartu maraton pakkus draamat viimase meetrini&nbsp;&nbsp;L\u00f5una-Eesti Postimees &#8220;AK. N\u00e4dal&#8221; j\u00e4lgis, kuidas valmistus Tartu maratoniks t\u00e4navune vanim osaleja&nbsp;&nbsp;ERR SUUR&hellip;\n","protected":false},"author":2,"featured_media":111115,"comment_status":"","ping_status":"","sticky":false,"template":"","format":"standard","meta":{"footnotes":"","_share_on_mastodon":"0"},"categories":[18],"tags":[9096,37,33,35,34,36,7691,29263,52603,159,158,1803,47355,52604],"class_list":["post-111114","post","type-post","status-publish","format-standard","has-post-thumbnail","category-sport","tag-christopher-kalev","tag-ee","tag-eesti","tag-eesti-keel","tag-estonia","tag-estonian","tag-jan-uuspold","tag-kristjan-teedema","tag-oliver-tohva","tag-sport","tag-sports","tag-tartu-maraton","tag-tatjana-mannima","tag-veiko-vork"],"share_on_mastodon":{"url":"https:\/\/pubeurope.com\/@ee\/116093060568057850","error":""},"_links":{"self":[{"href":"https:\/\/www.europesays.com\/ee\/wp-json\/wp\/v2\/posts\/111114","targetHints":{"allow":["GET"]}}],"collection":[{"href":"https:\/\/www.europesays.com\/ee\/wp-json\/wp\/v2\/posts"}],"about":[{"href":"https:\/\/www.europesays.com\/ee\/wp-json\/wp\/v2\/types\/post"}],"author":[{"embeddable":true,"href":"https:\/\/www.europesays.com\/ee\/wp-json\/wp\/v2\/users\/2"}],"replies":[{"embeddable":true,"href":"https:\/\/www.europesays.com\/ee\/wp-json\/wp\/v2\/comments?post=111114"}],"version-history":[{"count":0,"href":"https:\/\/www.europesays.com\/ee\/wp-json\/wp\/v2\/posts\/111114\/revisions"}],"wp:featuredmedia":[{"embeddable":true,"href":"https:\/\/www.europesays.com\/ee\/wp-json\/wp\/v2\/media\/111115"}],"wp:attachment":[{"href":"https:\/\/www.europesays.com\/ee\/wp-json\/wp\/v2\/media?parent=111114"}],"wp:term":[{"taxonomy":"category","embeddable":true,"href":"https:\/\/www.europesays.com\/ee\/wp-json\/wp\/v2\/categories?post=111114"},{"taxonomy":"post_tag","embeddable":true,"href":"https:\/\/www.europesays.com\/ee\/wp-json\/wp\/v2\/tags?post=111114"}],"curies":[{"name":"wp","href":"https:\/\/api.w.org\/{rel}","templated":true}]}}