{"id":111216,"date":"2026-02-18T22:46:07","date_gmt":"2026-02-18T22:46:07","guid":{"rendered":"https:\/\/www.europesays.com\/ee\/111216\/"},"modified":"2026-02-18T22:46:07","modified_gmt":"2026-02-18T22:46:07","slug":"ulevaade-%e2%9f%a9-trumpi-rahunoukogu-koguneb-esimest-korda-horeda-pingiga","status":"publish","type":"post","link":"https:\/\/www.europesays.com\/ee\/111216\/","title":{"rendered":"\u00dcLEVAADE \u27e9 Trumpi rahun\u00f5ukogu koguneb esimest korda h\u00f5reda pingiga"},"content":{"rendered":"<p>M\u00f6\u00f6dunud kuul Davosi Maailma Majandusfoorumil asutatud \u00fchendus peab Washingtonis oma esimese kohtumise, kuid seni pole selge, millised riigid ja millises esindatuses kohale ilmuvad. Liitumiskutse on saanud \u00fcle 60 riigi, aga vaid kolmandik on selle vastu v\u00f5tnud.<\/p>\n<p>Kuigi \u00fchendus sai \u00dcRO-lt mandaadi Gaza sektori relvarahu ja taastet\u00f6\u00f6de haldamiseks, pole teada, kas kohtumisel osaleb ka m\u00f5ni palestiinlaste esindaja. Rahun\u00f5ukogu juhatusse ei ole Palestiinat kaasatud, ehkki selle huve esindavad seal t\u00f5en\u00e4oliselt T\u00fcrgi ja Katar. Iisraeli, mis allkirjastas oma liikmesuse hilinemisega 11. veebruaril, esindab Washingtonis v\u00e4lisminister Gideon Sa\u2019ar.<\/p>\n","protected":false},"excerpt":{"rendered":"M\u00f6\u00f6dunud kuul Davosi Maailma Majandusfoorumil asutatud \u00fchendus peab Washingtonis oma esimese kohtumise, kuid seni pole selge, millised riigid&hellip;\n","protected":false},"author":2,"featured_media":111217,"comment_status":"","ping_status":"","sticky":false,"template":"","format":"standard","meta":{"footnotes":"","_share_on_mastodon":"0"},"categories":[80],"tags":[587,26,27,324,37,33,35,34,36,31,32,620,21,28,29,95,19,25,22349,23,24,22,20,30,92,93,94],"class_list":["post-111216","post","type-post","status-publish","format-standard","has-post-thumbnail","category-maailm","tag-ameerika-uhendriigid","tag-breaking-news","tag-breakingnews","tag-donald-trump","tag-ee","tag-eesti","tag-eesti-keel","tag-estonia","tag-estonian","tag-featured-news","tag-featurednews","tag-gaza","tag-headlines","tag-latest-news","tag-latestnews","tag-maailm","tag-news","tag-populaarseimad-lood","tag-rahunoukogu","tag-top-stories","tag-topstories","tag-uldised-uudised","tag-uudised","tag-viimased-uudised","tag-world","tag-world-news","tag-worldnews"],"share_on_mastodon":{"url":"https:\/\/pubeurope.com\/@ee\/116094067239791931","error":""},"_links":{"self":[{"href":"https:\/\/www.europesays.com\/ee\/wp-json\/wp\/v2\/posts\/111216","targetHints":{"allow":["GET"]}}],"collection":[{"href":"https:\/\/www.europesays.com\/ee\/wp-json\/wp\/v2\/posts"}],"about":[{"href":"https:\/\/www.europesays.com\/ee\/wp-json\/wp\/v2\/types\/post"}],"author":[{"embeddable":true,"href":"https:\/\/www.europesays.com\/ee\/wp-json\/wp\/v2\/users\/2"}],"replies":[{"embeddable":true,"href":"https:\/\/www.europesays.com\/ee\/wp-json\/wp\/v2\/comments?post=111216"}],"version-history":[{"count":0,"href":"https:\/\/www.europesays.com\/ee\/wp-json\/wp\/v2\/posts\/111216\/revisions"}],"wp:featuredmedia":[{"embeddable":true,"href":"https:\/\/www.europesays.com\/ee\/wp-json\/wp\/v2\/media\/111217"}],"wp:attachment":[{"href":"https:\/\/www.europesays.com\/ee\/wp-json\/wp\/v2\/media?parent=111216"}],"wp:term":[{"taxonomy":"category","embeddable":true,"href":"https:\/\/www.europesays.com\/ee\/wp-json\/wp\/v2\/categories?post=111216"},{"taxonomy":"post_tag","embeddable":true,"href":"https:\/\/www.europesays.com\/ee\/wp-json\/wp\/v2\/tags?post=111216"}],"curies":[{"name":"wp","href":"https:\/\/api.w.org\/{rel}","templated":true}]}}