{"id":111305,"date":"2026-02-19T04:36:10","date_gmt":"2026-02-19T04:36:10","guid":{"rendered":"https:\/\/www.europesays.com\/ee\/111305\/"},"modified":"2026-02-19T04:36:10","modified_gmt":"2026-02-19T04:36:10","slug":"veerandfinaalis-el-clasico-kiire-punane-tegi-real-madridi-elu-lihtsaks-arsenal-samuti-kaheksa-hulgas-soccernet-ee","status":"publish","type":"post","link":"https:\/\/www.europesays.com\/ee\/111305\/","title":{"rendered":"Veerandfinaalis El Clasico ! Kiire punane tegi Real Madridi elu lihtsaks, Arsenal samuti kaheksa hulgas &#8211; Soccernet.ee"},"content":{"rendered":"<p><img decoding=\"async\" src=\"https:\/\/www.europesays.com\/ee\/wp-content\/uploads\/2026\/02\/1771450592.jpg\" alt=\"Naomie Feller aitas Real Madridi j\u00e4rgmisesse ringi. Foto: Scanpix \/ Mariscal \/ EPA\"\/>&#13;\n<\/p>\n<p>Naiste Meistrite liiga veerandfinaal toob kaasa El Clasico, sest Real Madrid alistas play-off-ringis Paris FC ning kindlustas edasip\u00e4\u00e4su ja vastasseisu Barcelonaga. Kindlalt p\u00e4\u00e4ses kaheksa parema sekka ka tiitlikaitsja Arsenal.<\/p>\n<p>Madridi naiskond tuli Pariisist koju napi 3:2 v\u00f5iduga, ent Paris FC lootus vastuhakule kahanes kordusm\u00e4ngus m\u00e4rkimisv\u00e4\u00e4rselt juba esimese viie minutiga. Thea Greboval rebis v\u00e4ravavahiga silmtsi p\u00e4\u00e4sevat Naomie Felleri k\u00e4est, kohtunik andis esialgu edu, ent kuna Feller pealel\u00f6\u00f6gini ei j\u00f5udnudki, t\u00f5i olukorra tagasi ja n\u00e4itas Grebovalile ilmselge v\u00e4ravav\u00f5imaluse takistamise eest punast kaarti.&#13;\n<\/p>\n<p>Avapoolaega j\u00e4i m\u00e4ngida k\u00fcmme minutit, kui pall tabas karistusalas Ocean Picardi k\u00e4tt, ent pariislannade v\u00e4ravavaht Mylene Chavas suutis Caroline Weiri penalti t\u00f5rjuda. Teisel poolajal v\u00f5ttis Madridi naiskond siiski oma, kui esmalt oli t\u00e4pne Feller ja 67. minutil vormistas l\u00f5ppseisu Melween N&#8217;Dongala \u00f5nnetu omav\u00e4rav.&#13;\n<\/p>\n<p>Karikakaitsja Arsenal oli juba avam\u00e4ngus l\u00f6\u00f6nud Leuvenile neli vastuseta v\u00e4ravat ja koduplatsil kasvatas Alessia Russo tabamus peagi nende koondedu veelgi. Sara Pusztai tabamus pakkus natuke r\u00f5\u00f5mu ka belglannadele, kuid teisel poolajal t\u00f5id Mariona Caldentey t\u00e4pne penalti ja Russo teine tabamus Arsenalile kordusm\u00e4ngustki 3:1 v\u00f5idu. Veerandfinaal on Londoni siseasi, sest Arsenal l\u00e4heb seal vastamisi koduse konkurendi Chelseaga.<\/p>\n<p>Real Madrid &#8211; Paris FC 2:0 (0:0), kahe m\u00e4ngu kokkuv\u00f5ttes edasi Real Madrid 5:2<br \/>&#13;<br \/>\n54. Naomie Feller, 67. ov. Melween N&#8217;Dongala&#13;\n<\/p>\n<p>Eemaldamine: 5. Thea Greboval (Paris)&#13;\n<\/p>\n<p>Realiseerimata penalti: 36. Caroline Weir (Real Madrid)&#13;\n<\/p>\n<p>Arsenal &#8211; Leuven 3:1 (1:1), kahe m\u00e4ngu kokkuv\u00f5ttes edasi Arsenal 7:1<br \/>&#13;<br \/>\n23., 90+1. Alessia Russo, 65. pen. Mariona Caldentey &#8211; 29. Sara Pusztai<\/p>\n","protected":false},"excerpt":{"rendered":"&#13; Naiste Meistrite liiga veerandfinaal toob kaasa El Clasico, sest Real Madrid alistas play-off-ringis Paris FC ning kindlustas&hellip;\n","protected":false},"author":2,"featured_media":111306,"comment_status":"","ping_status":"","sticky":false,"template":"","format":"standard","meta":{"footnotes":"","_share_on_mastodon":"0"},"categories":[18],"tags":[1610,21305,37,33,35,34,36,52720,9171,1190,1034,9174,52721,609,9177,159,158,52722],"class_list":["post-111305","post","type-post","status-publish","format-standard","has-post-thumbnail","category-sport","tag-arsenal","tag-caldentey","tag-ee","tag-eesti","tag-eesti-keel","tag-estonia","tag-estonian","tag-greboval","tag-leuven","tag-meistrite-liiga","tag-naiste-meistrite-liiga","tag-paris","tag-pusztai","tag-real-madrid","tag-russo","tag-sport","tag-sports","tag-weir"],"share_on_mastodon":{"url":"https:\/\/pubeurope.com\/@ee\/116095443461702812","error":""},"_links":{"self":[{"href":"https:\/\/www.europesays.com\/ee\/wp-json\/wp\/v2\/posts\/111305","targetHints":{"allow":["GET"]}}],"collection":[{"href":"https:\/\/www.europesays.com\/ee\/wp-json\/wp\/v2\/posts"}],"about":[{"href":"https:\/\/www.europesays.com\/ee\/wp-json\/wp\/v2\/types\/post"}],"author":[{"embeddable":true,"href":"https:\/\/www.europesays.com\/ee\/wp-json\/wp\/v2\/users\/2"}],"replies":[{"embeddable":true,"href":"https:\/\/www.europesays.com\/ee\/wp-json\/wp\/v2\/comments?post=111305"}],"version-history":[{"count":0,"href":"https:\/\/www.europesays.com\/ee\/wp-json\/wp\/v2\/posts\/111305\/revisions"}],"wp:featuredmedia":[{"embeddable":true,"href":"https:\/\/www.europesays.com\/ee\/wp-json\/wp\/v2\/media\/111306"}],"wp:attachment":[{"href":"https:\/\/www.europesays.com\/ee\/wp-json\/wp\/v2\/media?parent=111305"}],"wp:term":[{"taxonomy":"category","embeddable":true,"href":"https:\/\/www.europesays.com\/ee\/wp-json\/wp\/v2\/categories?post=111305"},{"taxonomy":"post_tag","embeddable":true,"href":"https:\/\/www.europesays.com\/ee\/wp-json\/wp\/v2\/tags?post=111305"}],"curies":[{"name":"wp","href":"https:\/\/api.w.org\/{rel}","templated":true}]}}