{"id":111441,"date":"2026-02-19T08:37:06","date_gmt":"2026-02-19T08:37:06","guid":{"rendered":"https:\/\/www.europesays.com\/ee\/111441\/"},"modified":"2026-02-19T08:37:06","modified_gmt":"2026-02-19T08:37:06","slug":"plekktrummi-kulaline-on-priit-voigemast-kultuurisaated","status":"publish","type":"post","link":"https:\/\/www.europesays.com\/ee\/111441\/","title":{"rendered":"&#8220;Plekktrummi&#8221; k\u00fclaline on Priit V\u00f5igemast | Kultuurisaated"},"content":{"rendered":"<p>23. veebruaril on saate &#8220;Plekktrumm&#8221; k\u00fclaline lavastaja ja n\u00e4itleja Priit V\u00f5igemast.<\/p>\n<p>Vabariigi aastap\u00e4eva vastuv\u00f5tu kontsertetendus tegeleb digiajastu inimsuhetega. Kuidas olla \u00fcksteisele toeks \u00e4revatel aegadel? &#8220;Plekktrummi&#8221; k\u00fclaline on aastap\u00e4eva kontserdi lavastaja ning \u00e4sja Rahvusooperis Estonia ooperi lavastanud Priit V\u00f5igemast.\u00a0<\/p>\n<p>&#8220;Plekktrumm&#8221; on ETV2 eetris esmasp\u00e4eval, 23. veebruaril kell 22. Saadet juhib Joonas Hellerma.<\/p>\n","protected":false},"excerpt":{"rendered":"23. veebruaril on saate &#8220;Plekktrumm&#8221; k\u00fclaline lavastaja ja n\u00e4itleja Priit V\u00f5igemast. Vabariigi aastap\u00e4eva vastuv\u00f5tu kontsertetendus tegeleb digiajastu inimsuhetega.&hellip;\n","protected":false},"author":2,"featured_media":111442,"comment_status":"","ping_status":"","sticky":false,"template":"","format":"standard","meta":{"footnotes":"","_share_on_mastodon":"0"},"categories":[16],"tags":[37,33,35,173,34,36,140,9873,711],"class_list":["post-111441","post","type-post","status-publish","format-standard","has-post-thumbnail","category-meelelahutus","tag-ee","tag-eesti","tag-eesti-keel","tag-entertainment","tag-estonia","tag-estonian","tag-meelelahutus","tag-plekktrumm","tag-priit-voigemast"],"share_on_mastodon":{"url":"https:\/\/pubeurope.com\/@ee\/116096391097592632","error":""},"_links":{"self":[{"href":"https:\/\/www.europesays.com\/ee\/wp-json\/wp\/v2\/posts\/111441","targetHints":{"allow":["GET"]}}],"collection":[{"href":"https:\/\/www.europesays.com\/ee\/wp-json\/wp\/v2\/posts"}],"about":[{"href":"https:\/\/www.europesays.com\/ee\/wp-json\/wp\/v2\/types\/post"}],"author":[{"embeddable":true,"href":"https:\/\/www.europesays.com\/ee\/wp-json\/wp\/v2\/users\/2"}],"replies":[{"embeddable":true,"href":"https:\/\/www.europesays.com\/ee\/wp-json\/wp\/v2\/comments?post=111441"}],"version-history":[{"count":0,"href":"https:\/\/www.europesays.com\/ee\/wp-json\/wp\/v2\/posts\/111441\/revisions"}],"wp:featuredmedia":[{"embeddable":true,"href":"https:\/\/www.europesays.com\/ee\/wp-json\/wp\/v2\/media\/111442"}],"wp:attachment":[{"href":"https:\/\/www.europesays.com\/ee\/wp-json\/wp\/v2\/media?parent=111441"}],"wp:term":[{"taxonomy":"category","embeddable":true,"href":"https:\/\/www.europesays.com\/ee\/wp-json\/wp\/v2\/categories?post=111441"},{"taxonomy":"post_tag","embeddable":true,"href":"https:\/\/www.europesays.com\/ee\/wp-json\/wp\/v2\/tags?post=111441"}],"curies":[{"name":"wp","href":"https:\/\/api.w.org\/{rel}","templated":true}]}}