{"id":111444,"date":"2026-02-19T08:39:06","date_gmt":"2026-02-19T08:39:06","guid":{"rendered":"https:\/\/www.europesays.com\/ee\/111444\/"},"modified":"2026-02-19T08:39:06","modified_gmt":"2026-02-19T08:39:06","slug":"swedbanki-juht-majanduskasv-on-kohal-kuid-hindade-langust-tarbija-ei-nae","status":"publish","type":"post","link":"https:\/\/www.europesays.com\/ee\/111444\/","title":{"rendered":"Swedbanki juht: majanduskasv on kohal, kuid hindade langust tarbija ei n\u00e4e"},"content":{"rendered":"<p>\u201eK\u00f5ik m\u00e4rgid n\u00e4itavad, et me oleme sellest p\u00f5hjast l\u00e4bi tulnud ja liigume kuhugi \u00fclespoole,\u201c lausus <a rel=\"noopener nofollow\" target=\"_blank\" href=\"https:\/\/www.delfi.ee\/teema\/56938964\/lepp\" tag-id=\"56938964\">Lepp<\/a>. Kuigi toormehinnad langevad, ei ole tarbijate ostukorv odavnenud, sest k\u00f5rged energiahinnad hoiavad tootmiskulud \u00fcleval. Tarbijate ostuk\u00e4itumises on seet\u00f5ttu n\u00e4ha paigalseisu ning osa siseriiklikust k\u00e4ibest on e-poodide kaudu liikunud v\u00e4lismaale.<\/p>\n<p>Maksuk\u00fc\u00fcru kaotamise m\u00f5ju pole tarbimises veel n\u00e4ha, kuna m\u00f6\u00f6dunud on vaid \u00fcks palgap\u00e4ev ja jaanuari elektriarved olid tavap\u00e4rasest suuremad. Edaspidi peaks inimestele k\u00e4tte j\u00e4\u00e4v lisaraha j\u00f5udma jaekaubandusse ja elavdama majandust, mis pakub \u00fchtlasi leevendust ettev\u00f5tetele. \u201eNatuke j\u00e4\u00e4b valitsuse poolt inimestele rohkem raha k\u00e4tte ehk seda palgakasvu saab mingites gruppides teha v\u00e4hem,\u201c selgitas Lepp olukorra v\u00f5imalikku m\u00f5ju t\u00f6\u00f6andjatele.<\/p>\n<p><a rel=\"noopener nofollow\" target=\"_blank\" href=\"https:\/\/www.delfi.ee\/teema\/85056521\/eesti-majandus\" tag-id=\"85056521\">Eesti majanduskasvu<\/a> on seni enim pidurdanud madal n\u00f5udlus <a rel=\"noopener nofollow\" target=\"_blank\" href=\"https:\/\/www.delfi.ee\/teema\/25914613\/skandinaavia\" tag-id=\"25914613\">Skandinaavia<\/a> ja <a rel=\"noopener nofollow\" target=\"_blank\" href=\"https:\/\/www.delfi.ee\/teema\/23342327\/saksamaa\" tag-id=\"23342327\">Saksamaa<\/a> turgudel, kus on praeguseks siiski n\u00e4ha esimesi taastumise m\u00e4rke. V\u00e4lisn\u00f5udluse langusele lisaks on Eesti kaotanud oma varasemad peamised konkurentsieelised, milleks olid soodne energia ja madalamad palgad. \u201eK\u00f5ik asjad korraga ongi toonud selle, et meil majandus on mitu aastat olnud sellises paigalseisus v\u00f5i kerges languses,\u201c nentis Lepp.<\/p>\n<p>Kuidas see lugu Sind end tundma pani? Saada <a href=\"https:\/\/arileht.delfi.ee\/artikkel\/120437311\/swedbanki-juht-majanduskasv-on-kohal-kuid-hindade-langust-tarbija-ei-nae\/kommentaarid\" class=\"article-body-bottom__comment article-body-bottom__comment--write button button--primary button--size-auto\" rel=\"nofollow noopener\" target=\"_blank\"> Kommenteeri <\/a><a href=\"https:\/\/arileht.delfi.ee\/artikkel\/120437311\/swedbanki-juht-majanduskasv-on-kohal-kuid-hindade-langust-tarbija-ei-nae\/kommentaarid\" class=\"article-body-bottom__comment article-body-bottom__comment--read button button--size-auto\" rel=\"nofollow noopener\" target=\"_blank\"> Loe kommentaare (4)<\/a><\/p>\n","protected":false},"excerpt":{"rendered":"\u201eK\u00f5ik m\u00e4rgid n\u00e4itavad, et me oleme sellest p\u00f5hjast l\u00e4bi tulnud ja liigume kuhugi \u00fclespoole,\u201c lausus Lepp. Kuigi toormehinnad&hellip;\n","protected":false},"author":2,"featured_media":111445,"comment_status":"","ping_status":"","sticky":false,"template":"","format":"standard","meta":{"footnotes":"","_share_on_mastodon":"0"},"categories":[14],"tags":[131,130,37,33,35,2759,34,36,45196,1023,51,2578],"class_list":["post-111444","post","type-post","status-publish","format-standard","has-post-thumbnail","category-ari","tag-ari","tag-business","tag-ee","tag-eesti","tag-eesti-keel","tag-eesti-majandus","tag-estonia","tag-estonian","tag-lepp","tag-majanduslangus","tag-saksamaa","tag-skandinaavia"],"share_on_mastodon":{"url":"https:\/\/pubeurope.com\/@ee\/116096399088495757","error":""},"_links":{"self":[{"href":"https:\/\/www.europesays.com\/ee\/wp-json\/wp\/v2\/posts\/111444","targetHints":{"allow":["GET"]}}],"collection":[{"href":"https:\/\/www.europesays.com\/ee\/wp-json\/wp\/v2\/posts"}],"about":[{"href":"https:\/\/www.europesays.com\/ee\/wp-json\/wp\/v2\/types\/post"}],"author":[{"embeddable":true,"href":"https:\/\/www.europesays.com\/ee\/wp-json\/wp\/v2\/users\/2"}],"replies":[{"embeddable":true,"href":"https:\/\/www.europesays.com\/ee\/wp-json\/wp\/v2\/comments?post=111444"}],"version-history":[{"count":0,"href":"https:\/\/www.europesays.com\/ee\/wp-json\/wp\/v2\/posts\/111444\/revisions"}],"wp:featuredmedia":[{"embeddable":true,"href":"https:\/\/www.europesays.com\/ee\/wp-json\/wp\/v2\/media\/111445"}],"wp:attachment":[{"href":"https:\/\/www.europesays.com\/ee\/wp-json\/wp\/v2\/media?parent=111444"}],"wp:term":[{"taxonomy":"category","embeddable":true,"href":"https:\/\/www.europesays.com\/ee\/wp-json\/wp\/v2\/categories?post=111444"},{"taxonomy":"post_tag","embeddable":true,"href":"https:\/\/www.europesays.com\/ee\/wp-json\/wp\/v2\/tags?post=111444"}],"curies":[{"name":"wp","href":"https:\/\/api.w.org\/{rel}","templated":true}]}}