{"id":111482,"date":"2026-02-19T09:32:08","date_gmt":"2026-02-19T09:32:08","guid":{"rendered":"https:\/\/www.europesays.com\/ee\/111482\/"},"modified":"2026-02-19T09:32:08","modified_gmt":"2026-02-19T09:32:08","slug":"usa-filmistaar-leiti-teadvusetuna-vereloigust-nuud-selgus-et-tema-surm-oli-onnetusjuhtum","status":"publish","type":"post","link":"https:\/\/www.europesays.com\/ee\/111482\/","title":{"rendered":"USA filmistaar leiti teadvusetuna vereloigust. N\u00fc\u00fcd selgus, et tema surm oli \u00f5nnetusjuhtum"},"content":{"rendered":"<p>Ekspertiisi k\u00e4igus tehti kindlaks, et Greene tulistas end kogemata vasakusse kaenlaalusesse ja suri saadud vigastustesse.<\/p>\n<p>Ametlikes dokumentides on surma p\u00f5hjuseks m\u00e4rgitud laskehaav vasakus kaenlaaluses, mis tabas arterit. Kuulihaav p\u00f5hjustas rohkelt verejooksu. Kohtuarst hindas filmistaari surma \u00f5nnetusjuhtumiks.<\/p>\n<p>Greene, kes on tuntud filmidest nagu \u201ePulp Fiction\u201c ja \u201eMask\u201c, leiti reedel, 12. detsembril oma New Yorgi kodust surnuna. S\u00fcndmuskohal surnuks kuulutatud Greene oli lahkudes 60-aastane.<\/p>\n<p>Naaber helistas politseisse p\u00e4rast seda, kui Greene\u2019i korteris oli \u00fcle 24 tunni pidevalt j\u00f5ulumuusika m\u00e4nginud. Koos politseiga n\u00e4itelja elamisse sisse l\u00e4inud naaber r\u00e4\u00e4kis New York Daily Newsile, et Greene n\u00e4ol olid vigastused ja k\u00f5ikjal oli verd.<\/p>\n<p>New York Posti andmetel oli Greene kaks p\u00e4eva enne surma r\u00e4\u00e4kinud oma agendi Gregg Edwardsiga. Tema s\u00f5nul oli k\u00f5ne normaalne, kuid Greene oli veidi n\u00e4rvis, kuna n\u00e4itlejale tehti operatsioon healoomulise kasvaja eemaldamiseks kopsudest.<\/p>\n<p>\u201eT\u00f5eliselt \u00fcks meie p\u00f5lvkonna suurimaid n\u00e4itlejaid. Tema s\u00fcda oli sama suur kui ta ise. Ma hakkan teda igatsema. Ta oli suurep\u00e4rane s\u00f5ber,\u201c m\u00e4rkis Edwards detsembris.<\/p>\n<p>Edwards meenutas, et Greene oli m\u00f5nikord keeruline kolleeg, kuna ta oli perfektsionist, kes tahtis, et iga roll oleks \u00f5ige. M\u00e4ned\u017eer peab filmis \u201eThe Mask\u201c tehtud rolli tema elu parimaks. \u201eKeegi ei m\u00e4nginud halba poissi paremini kui Peter. Aga tal oli ka \u00f5rn pool, mida enamik inimesi kunagi ei n\u00e4inud,\u201c r\u00e4\u00e4kis ta v\u00e4ljaandele Daily Mail.<\/p>\n<p>Greene\u2019il oli keeruline lapsep\u00f5lv. Ta jooksis 15-aastaselt kodust \u00e4ra ja elas New Yorgi t\u00e4navatel. Greene tarvitas ja m\u00fc\u00fcs juba v\u00e4ga noorelt narkootikume. Ta otsis 1996. aastal oma s\u00f5ltuvusele abi, kuid kahjuks ei saanud ta oma s\u00f5ltuvustele leevendust. 2007. aastal arreteeriti ta kokaiini omamise eest.<\/p>\n<p>Kuidas see lugu Sind end tundma pani? Saada <a href=\"https:\/\/kroonika.delfi.ee\/artikkel\/120437321\/usa-filmistaari-leiti-teadvusetuna-vereloigust-nuud-on-selgunud-et-tema-surm-oli-onnetusjuhtum\/kommentaarid\" class=\"article-body-bottom__comment article-body-bottom__comment--write button button--primary button--size-auto\" rel=\"nofollow noopener\" target=\"_blank\"> Kommenteeri <\/a><a href=\"https:\/\/kroonika.delfi.ee\/artikkel\/120437321\/usa-filmistaari-leiti-teadvusetuna-vereloigust-nuud-on-selgunud-et-tema-surm-oli-onnetusjuhtum\/kommentaarid\" class=\"article-body-bottom__comment article-body-bottom__comment--read button button--size-auto\" rel=\"nofollow noopener\" target=\"_blank\"> Loe kommentaare (1)<\/a><\/p>\n","protected":false},"excerpt":{"rendered":"Ekspertiisi k\u00e4igus tehti kindlaks, et Greene tulistas end kogemata vasakusse kaenlaalusesse ja suri saadud vigastustesse. Ametlikes dokumentides on&hellip;\n","protected":false},"author":2,"featured_media":111483,"comment_status":"","ping_status":"","sticky":false,"template":"","format":"standard","meta":{"footnotes":"","_share_on_mastodon":"0"},"categories":[16],"tags":[37,33,35,173,34,36,140,989],"class_list":["post-111482","post","type-post","status-publish","format-standard","has-post-thumbnail","category-meelelahutus","tag-ee","tag-eesti","tag-eesti-keel","tag-entertainment","tag-estonia","tag-estonian","tag-meelelahutus","tag-naitleja"],"share_on_mastodon":{"url":"https:\/\/pubeurope.com\/@ee\/116096607339557610","error":""},"_links":{"self":[{"href":"https:\/\/www.europesays.com\/ee\/wp-json\/wp\/v2\/posts\/111482","targetHints":{"allow":["GET"]}}],"collection":[{"href":"https:\/\/www.europesays.com\/ee\/wp-json\/wp\/v2\/posts"}],"about":[{"href":"https:\/\/www.europesays.com\/ee\/wp-json\/wp\/v2\/types\/post"}],"author":[{"embeddable":true,"href":"https:\/\/www.europesays.com\/ee\/wp-json\/wp\/v2\/users\/2"}],"replies":[{"embeddable":true,"href":"https:\/\/www.europesays.com\/ee\/wp-json\/wp\/v2\/comments?post=111482"}],"version-history":[{"count":0,"href":"https:\/\/www.europesays.com\/ee\/wp-json\/wp\/v2\/posts\/111482\/revisions"}],"wp:featuredmedia":[{"embeddable":true,"href":"https:\/\/www.europesays.com\/ee\/wp-json\/wp\/v2\/media\/111483"}],"wp:attachment":[{"href":"https:\/\/www.europesays.com\/ee\/wp-json\/wp\/v2\/media?parent=111482"}],"wp:term":[{"taxonomy":"category","embeddable":true,"href":"https:\/\/www.europesays.com\/ee\/wp-json\/wp\/v2\/categories?post=111482"},{"taxonomy":"post_tag","embeddable":true,"href":"https:\/\/www.europesays.com\/ee\/wp-json\/wp\/v2\/tags?post=111482"}],"curies":[{"name":"wp","href":"https:\/\/api.w.org\/{rel}","templated":true}]}}