{"id":111591,"date":"2026-02-19T11:58:15","date_gmt":"2026-02-19T11:58:15","guid":{"rendered":"https:\/\/www.europesays.com\/ee\/111591\/"},"modified":"2026-02-19T11:58:15","modified_gmt":"2026-02-19T11:58:15","slug":"saksa-kindral-hoiatab-venemaa-runnaku-korral-narvale-voib-saksamaa-kohelda-sojalises-vastuses-maailm-postimees-ee","status":"publish","type":"post","link":"https:\/\/www.europesays.com\/ee\/111591\/","title":{"rendered":"Saksa kindral hoiatab: Venemaa r\u00fcnnaku korral Narvale v\u00f5ib Saksamaa k\u00f5helda s\u00f5jalises vastuses &#8211; Maailm &#8211; Postimees.ee"},"content":{"rendered":"<ol>\n<li><a href=\"https:\/\/news.google.com\/rss\/articles\/CBMiyAFBVV95cUxNVU9mM2dMbmFHNUVrVE1COXloMlpTN2dxOFdYSGxvb0JSdkhvMjEtVzZhZUdHTkhmallGT3pXbGJzenE3TjRxRFplOUxJOXhFS2lTRDRkZVJpaktyNV9YMGJ3a3NmdDVrZThMZER2WUhVM2lxV21UX29zZzZubnd3X1NGM2tLMnhnWE1zdC1OeGJXa2ZUeUNsVTZ1TjZOLV9ndzdrUFVJTm5sWTJkYkJPQkhsdmpzaTRmNXp0dEw5SmdQdnpqYjc3bg?oc=5\" target=\"_blank\" rel=\"nofollow noopener\">Saksa kindral hoiatab: Venemaa r\u00fcnnaku korral Narvale v\u00f5ib Saksamaa k\u00f5helda s\u00f5jalises vastuses<\/a>&nbsp;&nbsp;Maailm &#8211; Postimees.ee<\/li>\n<li><a href=\"https:\/\/news.google.com\/rss\/articles\/CBMigwFBVV95cUxOc3NlTXk3aDJwVWloVGJibUlFNjVaUXpBSGFfZXMyM2JLbGJobTBMbTlTMmJmZWNrMy0waUVrbDJlclBsamhfaTZCSDZHMVFnNE5yckY2M3RNcVNEUG9SeVdGc2hDbzk4aWUzaGViSi1ESTZtM0hPWEdYSnRBXzZldThhbw?oc=5\" target=\"_blank\" rel=\"nofollow noopener\">Briti politsei pidas kinni endise prints Andrew<\/a>&nbsp;&nbsp;ERR<\/li>\n<li><a href=\"https:\/\/news.google.com\/rss\/articles\/CBMisgFBVV95cUxQNUQ1WmxKMFliTWY2VU00eUNsMU9oMTBPTnlta3UtVF9nNFdFejd5RkI4eWh0MFBVYW1hYzNvTWVCbFlhOXEyYW1vNmJPdXhwVE5uVk5jeE1FcUhxY0pKMG8yVE1kbGJLUW1GVXlSVVg4NHc0WHNBZmI4bU5lYmNSbVI2bG16ZHMyVWRfbkNCeERmUVdBMEluYzdlMFV5blg5STVSSHNyVkpjU1k4ODlUejl3?oc=5\" target=\"_blank\" rel=\"nofollow noopener\">KENA KINK: politsei vahistas Andrew Mountbatten-Windsori tema 66. s\u00fcnnip\u00e4eval<\/a>&nbsp;&nbsp;\u00d5htuleht<\/li>\n<li><a href=\"https:\/\/news.google.com\/rss\/articles\/CBMizAFBVV95cUxPTUJINy1oMDlKdjlkRnk5ZmxLa1FvMG5qZi1vZVppSFpkdkNweTlFbmRVRXkxZWR3UHZGbVE5M0FxbURoNHVTZDZfallqMUN3aGZzM09adXppamVTcmVJWnlZZlNxUnJaVkpNLUNWSldicUhTeXN0Z2RWT0pBS3U0TE1nTE9OQnMxZ3ZhUHRyMWM4VnUzVXZ1Tzdud2tBZjZoWkNsS3B6ZGZjdHVNVE1GU3RIeHQwQ3JQSEszRlBCMFdOaldJNU5vdmR4Q2g?oc=5\" target=\"_blank\" rel=\"nofollow noopener\">Politsei v\u00f5ttis kuningas Charlesi venna Andrew\u2019 vahi alla. Tema kodus toimub l\u00e4biotsimine<\/a>&nbsp;&nbsp;Kroonika<\/li>\n<li><a href=\"https:\/\/news.google.com\/rss\/articles\/CBMi8AFBVV95cUxOSnRUcS1YeThlNXhKalVUT3lzcTI4bXBoV1pPa2oxbVloY1pGT2VwMUpYV3U0OXZKRE9tU3JCVEVOU1FFcEdNMllBWEtxZ21CS190RWxOcEF6YW5IbF9kbk56THlxelJXbnFxSVNsMWdfZEhJZ3Q2TlU0UHFfNXg0NVZmZTl2ZFh0SC04U1dsM0VFb29SMkw3VzU1bUtRNXRuckVJaWlGbVZvUjJjNkxkNEdzRVBkY0xtMXMyWHg5TUs2N3RjandQOHJFelFaQVpnRU1lM1pRX2tCLW9Cc1BNOE1xbnN1ZDdGLTNzbGZjc08?oc=5\" target=\"_blank\" rel=\"nofollow noopener\">UUED DETAILID Palee saladused taas p\u00e4evavalgel: endine turvat\u00f6\u00f6taja s\u00fc\u00fcdistab prints Andrew\u2019d noorte naiste paleesse toomises<\/a>&nbsp;&nbsp;Elu24<\/li>\n<\/ol>\n","protected":false},"excerpt":{"rendered":"Saksa kindral hoiatab: Venemaa r\u00fcnnaku korral Narvale v\u00f5ib Saksamaa k\u00f5helda s\u00f5jalises vastuses&nbsp;&nbsp;Maailm &#8211; Postimees.ee Briti politsei pidas kinni&hellip;\n","protected":false},"author":2,"featured_media":111592,"comment_status":"","ping_status":"","sticky":false,"template":"","format":"standard","meta":{"footnotes":"","_share_on_mastodon":"0"},"categories":[80],"tags":[26,27,37,33,35,34,36,31,32,21,28,29,95,54,19,25,52834,23,24,22,20,27805,30,661,52833,92,93,94],"class_list":["post-111591","post","type-post","status-publish","format-standard","has-post-thumbnail","category-maailm","tag-breaking-news","tag-breakingnews","tag-ee","tag-eesti","tag-eesti-keel","tag-estonia","tag-estonian","tag-featured-news","tag-featurednews","tag-headlines","tag-latest-news","tag-latestnews","tag-maailm","tag-nato","tag-news","tag-populaarseimad-lood","tag-saksa-kindralmajor","tag-top-stories","tag-topstories","tag-uldised-uudised","tag-uudised","tag-venemaa-oht","tag-viimased-uudised","tag-vladimir-putin","tag-wolf-jurgen-stahl","tag-world","tag-world-news","tag-worldnews"],"share_on_mastodon":{"url":"https:\/\/pubeurope.com\/@ee\/116097181520809892","error":""},"_links":{"self":[{"href":"https:\/\/www.europesays.com\/ee\/wp-json\/wp\/v2\/posts\/111591","targetHints":{"allow":["GET"]}}],"collection":[{"href":"https:\/\/www.europesays.com\/ee\/wp-json\/wp\/v2\/posts"}],"about":[{"href":"https:\/\/www.europesays.com\/ee\/wp-json\/wp\/v2\/types\/post"}],"author":[{"embeddable":true,"href":"https:\/\/www.europesays.com\/ee\/wp-json\/wp\/v2\/users\/2"}],"replies":[{"embeddable":true,"href":"https:\/\/www.europesays.com\/ee\/wp-json\/wp\/v2\/comments?post=111591"}],"version-history":[{"count":0,"href":"https:\/\/www.europesays.com\/ee\/wp-json\/wp\/v2\/posts\/111591\/revisions"}],"wp:featuredmedia":[{"embeddable":true,"href":"https:\/\/www.europesays.com\/ee\/wp-json\/wp\/v2\/media\/111592"}],"wp:attachment":[{"href":"https:\/\/www.europesays.com\/ee\/wp-json\/wp\/v2\/media?parent=111591"}],"wp:term":[{"taxonomy":"category","embeddable":true,"href":"https:\/\/www.europesays.com\/ee\/wp-json\/wp\/v2\/categories?post=111591"},{"taxonomy":"post_tag","embeddable":true,"href":"https:\/\/www.europesays.com\/ee\/wp-json\/wp\/v2\/tags?post=111591"}],"curies":[{"name":"wp","href":"https:\/\/api.w.org\/{rel}","templated":true}]}}