{"id":111612,"date":"2026-02-19T12:28:09","date_gmt":"2026-02-19T12:28:09","guid":{"rendered":"https:\/\/www.europesays.com\/ee\/111612\/"},"modified":"2026-02-19T12:28:09","modified_gmt":"2026-02-19T12:28:09","slug":"narva-kuttearved-loovad-rekordeid-sajad-pered-taotlesid-toimetulekuks-toetust","status":"publish","type":"post","link":"https:\/\/www.europesays.com\/ee\/111612\/","title":{"rendered":"Narva k\u00fcttearved l\u00f6\u00f6vad rekordeid. Sajad pered taotlesid toimetulekuks toetust"},"content":{"rendered":"<p>Paljud Narva elanikud on silmitsi j\u00e4rsu k\u00fcttearvete t\u00f5usuga. Soojusenergia tootmiseks kasutatakse linnas kallimat gaasikatlamaja siis, kui Balti elektrijaama 11. energiaplokk on remondis v\u00f5i ei osale b\u00f6rsil. Samal ajal on suur osa Narva elamufondist vana ja v\u00e4hese soojustusega.<\/p>\n<p>Jaanuaris t\u00f6\u00f6tas 11. energiaplokk ligikaudu 86% ajast. Kui plokk on b\u00f6rsil, on tariif 73,78 eurot megavatt-tunni kohta. Gaasikatlamaja kasutamise korral rakendub kehtestatud tariif 105,04 eurot megavatt-tunni kohta. Jaanuaris kasutati gaasikatelt umbes 14% ajast.<\/p>\n<p>Oled juba tellija?Logi sisse<\/p>\n<p><a href=\"https:\/\/arileht.delfi.ee\/artikkel\/120437393\/narva-kuttearved-loovad-rekordeid-sajad-pered-taotlesid-toimetulekuks-toetust\/kommentaarid\" class=\"article-body-bottom__comment article-body-bottom__comment--write button button--primary button--size-auto\" rel=\"nofollow noopener\" target=\"_blank\"> Kommenteeri <\/a><a href=\"https:\/\/arileht.delfi.ee\/artikkel\/120437393\/narva-kuttearved-loovad-rekordeid-sajad-pered-taotlesid-toimetulekuks-toetust\/kommentaarid\" class=\"article-body-bottom__comment article-body-bottom__comment--read button button--size-auto\" rel=\"nofollow noopener\" target=\"_blank\"> Loe kommentaare (31)<\/a><\/p>\n","protected":false},"excerpt":{"rendered":"Paljud Narva elanikud on silmitsi j\u00e4rsu k\u00fcttearvete t\u00f5usuga. Soojusenergia tootmiseks kasutatakse linnas kallimat gaasikatlamaja siis, kui Balti elektrijaama&hellip;\n","protected":false},"author":2,"featured_media":111613,"comment_status":"","ping_status":"","sticky":false,"template":"","format":"standard","meta":{"footnotes":"","_share_on_mastodon":"0"},"categories":[16],"tags":[37,33,35,173,34,36,48243,140,2521,2836],"class_list":["post-111612","post","type-post","status-publish","format-standard","has-post-thumbnail","category-meelelahutus","tag-ee","tag-eesti","tag-eesti-keel","tag-entertainment","tag-estonia","tag-estonian","tag-kuttekulud","tag-meelelahutus","tag-narva","tag-talv"],"share_on_mastodon":{"url":"https:\/\/pubeurope.com\/@ee\/116097299509950311","error":""},"_links":{"self":[{"href":"https:\/\/www.europesays.com\/ee\/wp-json\/wp\/v2\/posts\/111612","targetHints":{"allow":["GET"]}}],"collection":[{"href":"https:\/\/www.europesays.com\/ee\/wp-json\/wp\/v2\/posts"}],"about":[{"href":"https:\/\/www.europesays.com\/ee\/wp-json\/wp\/v2\/types\/post"}],"author":[{"embeddable":true,"href":"https:\/\/www.europesays.com\/ee\/wp-json\/wp\/v2\/users\/2"}],"replies":[{"embeddable":true,"href":"https:\/\/www.europesays.com\/ee\/wp-json\/wp\/v2\/comments?post=111612"}],"version-history":[{"count":0,"href":"https:\/\/www.europesays.com\/ee\/wp-json\/wp\/v2\/posts\/111612\/revisions"}],"wp:featuredmedia":[{"embeddable":true,"href":"https:\/\/www.europesays.com\/ee\/wp-json\/wp\/v2\/media\/111613"}],"wp:attachment":[{"href":"https:\/\/www.europesays.com\/ee\/wp-json\/wp\/v2\/media?parent=111612"}],"wp:term":[{"taxonomy":"category","embeddable":true,"href":"https:\/\/www.europesays.com\/ee\/wp-json\/wp\/v2\/categories?post=111612"},{"taxonomy":"post_tag","embeddable":true,"href":"https:\/\/www.europesays.com\/ee\/wp-json\/wp\/v2\/tags?post=111612"}],"curies":[{"name":"wp","href":"https:\/\/api.w.org\/{rel}","templated":true}]}}