{"id":111675,"date":"2026-02-19T13:38:07","date_gmt":"2026-02-19T13:38:07","guid":{"rendered":"https:\/\/www.europesays.com\/ee\/111675\/"},"modified":"2026-02-19T13:38:07","modified_gmt":"2026-02-19T13:38:07","slug":"uuring-%e2%9f%a9-isegi-korge-palk-ei-hoia-eestlast-enam-tool-kui-puudub-see-uks-asi","status":"publish","type":"post","link":"https:\/\/www.europesays.com\/ee\/111675\/","title":{"rendered":"UURING \u27e9 Isegi k\u00f5rge palk ei hoia eestlast enam t\u00f6\u00f6l, kui puudub see \u00fcks asi"},"content":{"rendered":"<p>Uuring toob esile t\u00f6\u00f6andja ja t\u00f6\u00f6taja erineva panuse heaolusse: Eesti t\u00f6\u00f6tajad kulutavad oma heaolule keskmiselt 122 eurot kuus, samal ajal kui t\u00f6\u00f6andja suudab sellest kompenseerida keskmiselt vaid 35 eurot. Seejuures n\u00e4itavad andmed, et t\u00f6\u00f6andja panus ei asendaks t\u00f6\u00f6taja enda vastutust \u2013 32 protsenti vastajatest investeeriks vabanenud vahendid t\u00e4iendavalt oma tervisesse.<\/p>\n","protected":false},"excerpt":{"rendered":"Uuring toob esile t\u00f6\u00f6andja ja t\u00f6\u00f6taja erineva panuse heaolusse: Eesti t\u00f6\u00f6tajad kulutavad oma heaolule keskmiselt 122 eurot kuus,&hellip;\n","protected":false},"author":2,"featured_media":111676,"comment_status":"","ping_status":"","sticky":false,"template":"","format":"standard","meta":{"footnotes":"","_share_on_mastodon":"0"},"categories":[12],"tags":[26,27,37,33,35,52893,48286,52886,34,36,31,32,21,52876,52890,28,29,16061,52882,52884,19,52883,52889,25,11079,52894,52881,52879,52878,52875,52887,24141,52874,52888,52892,6023,49646,52885,52891,52877,23,24,22,20,52880,48515,30],"class_list":["post-111675","post","type-post","status-publish","format-standard","has-post-thumbnail","category-eesti","tag-breaking-news","tag-breakingnews","tag-ee","tag-eesti","tag-eesti-keel","tag-eesti-tooealised-elanikud","tag-eesti-tooturg","tag-ennetav-tervishoid","tag-estonia","tag-estonian","tag-featured-news","tag-featurednews","tag-headlines","tag-heaolupakett","tag-konkurentsivoime-tooturul","tag-latest-news","tag-latestnews","tag-maksususteem","tag-maksuvaba-tervisetoetus","tag-murgine-tookultuur","tag-news","tag-ostujou-langus","tag-pikaajaline-toolt-eemalolek","tag-populaarseimad-lood","tag-ravikindlustus","tag-riiklik-tervishoiususteem","tag-spordi-ja-tervisetoetus","tag-stebby-uuring","tag-tooandja-maine","tag-tooandja-tervisetoetus","tag-tooandja-vastutus","tag-tooheaolu","tag-tookoha-heaolu-uuring","tag-tookoha-vahetus","tag-tookohtade-heaolupaketid","tag-tookultuur","tag-tootajate-heaolu","tag-tootajate-ootused","tag-tootajate-rahulolu","tag-tooturu-trendid","tag-top-stories","tag-topstories","tag-uldised-uudised","tag-uudised","tag-vaimne-tervis-tookohal","tag-vaimse-tervise-tugi","tag-viimased-uudised"],"share_on_mastodon":{"url":"","error":""},"_links":{"self":[{"href":"https:\/\/www.europesays.com\/ee\/wp-json\/wp\/v2\/posts\/111675","targetHints":{"allow":["GET"]}}],"collection":[{"href":"https:\/\/www.europesays.com\/ee\/wp-json\/wp\/v2\/posts"}],"about":[{"href":"https:\/\/www.europesays.com\/ee\/wp-json\/wp\/v2\/types\/post"}],"author":[{"embeddable":true,"href":"https:\/\/www.europesays.com\/ee\/wp-json\/wp\/v2\/users\/2"}],"replies":[{"embeddable":true,"href":"https:\/\/www.europesays.com\/ee\/wp-json\/wp\/v2\/comments?post=111675"}],"version-history":[{"count":0,"href":"https:\/\/www.europesays.com\/ee\/wp-json\/wp\/v2\/posts\/111675\/revisions"}],"wp:featuredmedia":[{"embeddable":true,"href":"https:\/\/www.europesays.com\/ee\/wp-json\/wp\/v2\/media\/111676"}],"wp:attachment":[{"href":"https:\/\/www.europesays.com\/ee\/wp-json\/wp\/v2\/media?parent=111675"}],"wp:term":[{"taxonomy":"category","embeddable":true,"href":"https:\/\/www.europesays.com\/ee\/wp-json\/wp\/v2\/categories?post=111675"},{"taxonomy":"post_tag","embeddable":true,"href":"https:\/\/www.europesays.com\/ee\/wp-json\/wp\/v2\/tags?post=111675"}],"curies":[{"name":"wp","href":"https:\/\/api.w.org\/{rel}","templated":true}]}}