{"id":111765,"date":"2026-02-19T15:29:31","date_gmt":"2026-02-19T15:29:31","guid":{"rendered":"https:\/\/www.europesays.com\/ee\/111765\/"},"modified":"2026-02-19T15:29:31","modified_gmt":"2026-02-19T15:29:31","slug":"riigikogu-votab-riiklikult-olulise-kusimusena-ette-kuberkuritegevuse","status":"publish","type":"post","link":"https:\/\/www.europesays.com\/ee\/111765\/","title":{"rendered":"Riigikogu v\u00f5tab riiklikult olulise k\u00fcsimusena ette k\u00fcberkuritegevuse"},"content":{"rendered":"<p>\n                        Riigikogu t\u00e4iskogu neljap\u00e4evasel istungil on rahanduskomisjoni algatusel olulise t\u00e4htsusega riikliku k\u00fcsimusena arutelu teemal \u201eKuidas ohjeldada k\u00fcberkuritegevust finantsvaldkonnas. Tasakaal turvalisuse ja p\u00f5hi\u00f5iguste vahel\u201c.<\/p>\n<p>Ettekanded teevad rahanduskomisjoni esimees Annely Akkermann, ASi Swedbank finantskuritegude t\u00f5kestamise divisjoni direktor Raul Vahtra, advokaadib\u00fcroo Widen n\u00f5unik Siim Tammer ja Tartu \u00dclikooli \u00f5igusteaduskonna direktor Priit Pikam\u00e4e.<\/p>\n<p>Fookuses turvalisus ja p\u00f5hi\u00f5igused<\/p>\n<p>Akkermann selgitas, et finantspettuste tehnoloogia ja mahud kasvavad ning tuleb arutada uute tehnoloogiate kasutuselev\u00f5ttu finantskuritegevuse ohjeldamisel.<\/p>\n<blockquote><p>&#13;<\/p>\n<p>\u201eMe oleme ehitanud digiriigi, digirahanduse s\u00fcsteemi, et digitaalselt tegutseda. Samas peame arvestama, et loodud s\u00fcsteemi on vaja kaitsta levima hakanud k\u00fcberkuritegevuse eest,\u201c \u00fctles Akkermann.<\/p>\n<p>&#13;\n<\/p><\/blockquote>\n<p>Ta lisas, et arutelu keskne teema on, kuidas luua finantsvaldkonnas tasakaal turvalisuse ja p\u00f5hi\u00f5iguste vahel.<\/p>\n<p>Riigikogu liikmed saavad igale ettekandjale esitada \u00fche k\u00fcsimuse. P\u00e4rast ettekandeid ja k\u00fcsimustele vastamist avatakse l\u00e4bir\u00e4\u00e4kimised, kus saavad s\u00f5na v\u00f5tta esmalt fraktsioonide esindajad ja seej\u00e4rel k\u00f5ik riigikogu liikmed.<\/p>\n<p>Kell 10 algavat t\u00e4iskogu istungit saab otsepildis j\u00e4lgida riigikogu veebilehel ja Facebooki lehel. Istungi salvestist saab hiljem vaadata riigikogu YouTube\u2019i kanalil.<\/p>\n","protected":false},"excerpt":{"rendered":"Riigikogu t\u00e4iskogu neljap\u00e4evasel istungil on rahanduskomisjoni algatusel olulise t\u00e4htsusega riikliku k\u00fcsimusena arutelu teemal \u201eKuidas ohjeldada k\u00fcberkuritegevust finantsvaldkonnas. Tasakaal&hellip;\n","protected":false},"author":2,"featured_media":111766,"comment_status":"","ping_status":"","sticky":false,"template":"","format":"standard","meta":{"footnotes":"","_share_on_mastodon":"0"},"categories":[12],"tags":[26,27,37,33,35,34,36,31,32,21,400,28,29,19,25,8676,640,23,24,22,20,30],"class_list":["post-111765","post","type-post","status-publish","format-standard","has-post-thumbnail","category-eesti","tag-breaking-news","tag-breakingnews","tag-ee","tag-eesti","tag-eesti-keel","tag-estonia","tag-estonian","tag-featured-news","tag-featurednews","tag-headlines","tag-kuberkuritegevus","tag-latest-news","tag-latestnews","tag-news","tag-populaarseimad-lood","tag-rahanduskomisjon","tag-riigikogu","tag-top-stories","tag-topstories","tag-uldised-uudised","tag-uudised","tag-viimased-uudised"],"share_on_mastodon":{"url":"https:\/\/pubeurope.com\/@ee\/116098011292656012","error":""},"_links":{"self":[{"href":"https:\/\/www.europesays.com\/ee\/wp-json\/wp\/v2\/posts\/111765","targetHints":{"allow":["GET"]}}],"collection":[{"href":"https:\/\/www.europesays.com\/ee\/wp-json\/wp\/v2\/posts"}],"about":[{"href":"https:\/\/www.europesays.com\/ee\/wp-json\/wp\/v2\/types\/post"}],"author":[{"embeddable":true,"href":"https:\/\/www.europesays.com\/ee\/wp-json\/wp\/v2\/users\/2"}],"replies":[{"embeddable":true,"href":"https:\/\/www.europesays.com\/ee\/wp-json\/wp\/v2\/comments?post=111765"}],"version-history":[{"count":0,"href":"https:\/\/www.europesays.com\/ee\/wp-json\/wp\/v2\/posts\/111765\/revisions"}],"wp:featuredmedia":[{"embeddable":true,"href":"https:\/\/www.europesays.com\/ee\/wp-json\/wp\/v2\/media\/111766"}],"wp:attachment":[{"href":"https:\/\/www.europesays.com\/ee\/wp-json\/wp\/v2\/media?parent=111765"}],"wp:term":[{"taxonomy":"category","embeddable":true,"href":"https:\/\/www.europesays.com\/ee\/wp-json\/wp\/v2\/categories?post=111765"},{"taxonomy":"post_tag","embeddable":true,"href":"https:\/\/www.europesays.com\/ee\/wp-json\/wp\/v2\/tags?post=111765"}],"curies":[{"name":"wp","href":"https:\/\/api.w.org\/{rel}","templated":true}]}}