{"id":111794,"date":"2026-02-19T16:01:06","date_gmt":"2026-02-19T16:01:06","guid":{"rendered":"https:\/\/www.europesays.com\/ee\/111794\/"},"modified":"2026-02-19T16:01:06","modified_gmt":"2026-02-19T16:01:06","slug":"valge-maja-kirub-bossi-%e2%9f%a9-bruce-springsteeni-vaen-donald-trumpiga-laks-veelgi-teravamaks","status":"publish","type":"post","link":"https:\/\/www.europesays.com\/ee\/111794\/","title":{"rendered":"VALGE MAJA KIRUB BOSSI \u27e9 Bruce Springsteeni vaen Donald Trumpiga l\u00e4ks veelgi teravamaks"},"content":{"rendered":"<p>Bruce Springsteen ei puhka p\u00e4evagi. 76-aastane rokilegend kuulutas v\u00e4lja uue poliitiliselt laetud turnee, mida esitletakse kui \u00abAmeerika, Ameerika demokraatia ja Ameerika vabaduse t\u00e4histamist ja kaitsmist\u00bb ning r\u00f5hutatakse, et \u00abk\u00f5ik see on wannabe-kuninga ja tema Washingtonis tegutseva m\u00e4ssulise valitsuse r\u00fcnnaku all\u00bb. Loomulikult ei ole Valge Maja v\u00e4lja kuulutatud Springsteeni turnee USA kontsertide \u00fcle kuigi vaimustunud ja andnud sellele juba vastulause.<\/p>\n","protected":false},"excerpt":{"rendered":"Bruce Springsteen ei puhka p\u00e4evagi. 76-aastane rokilegend kuulutas v\u00e4lja uue poliitiliselt laetud turnee, mida esitletakse kui \u00abAmeerika, Ameerika&hellip;\n","protected":false},"author":2,"featured_media":111795,"comment_status":"","ping_status":"","sticky":false,"template":"","format":"standard","meta":{"footnotes":"","_share_on_mastodon":"0"},"categories":[80],"tags":[52944,52938,52939,26,27,16011,324,37,33,35,34,36,31,32,21,52942,28,29,95,19,25,42706,39565,52940,52945,52937,23,24,52943,22,20,52941,30,92,93,94],"class_list":["post-111794","post","type-post","status-publish","format-standard","has-post-thumbnail","category-maailm","tag-alex-prett","tag-ameerika-demokraatia","tag-ameerika-vabadus","tag-breaking-news","tag-breakingnews","tag-bruce-springsteen","tag-donald-trump","tag-ee","tag-eesti","tag-eesti-keel","tag-estonia","tag-estonian","tag-featured-news","tag-featurednews","tag-headlines","tag-ice-kriitika","tag-latest-news","tag-latestnews","tag-maailm","tag-news","tag-populaarseimad-lood","tag-renee-good","tag-stephen-miller","tag-steven-cheung","tag-streets-of-minneapolis","tag-the-land-of-hopes-and-dreams-turnee","tag-top-stories","tag-topstories","tag-trumpi-hulluse-sundroom","tag-uldised-uudised","tag-uudised","tag-valge-maja-reaktsioon","tag-viimased-uudised","tag-world","tag-world-news","tag-worldnews"],"share_on_mastodon":{"url":"","error":"Validation failed: Text character limit of 500 exceeded"},"_links":{"self":[{"href":"https:\/\/www.europesays.com\/ee\/wp-json\/wp\/v2\/posts\/111794","targetHints":{"allow":["GET"]}}],"collection":[{"href":"https:\/\/www.europesays.com\/ee\/wp-json\/wp\/v2\/posts"}],"about":[{"href":"https:\/\/www.europesays.com\/ee\/wp-json\/wp\/v2\/types\/post"}],"author":[{"embeddable":true,"href":"https:\/\/www.europesays.com\/ee\/wp-json\/wp\/v2\/users\/2"}],"replies":[{"embeddable":true,"href":"https:\/\/www.europesays.com\/ee\/wp-json\/wp\/v2\/comments?post=111794"}],"version-history":[{"count":0,"href":"https:\/\/www.europesays.com\/ee\/wp-json\/wp\/v2\/posts\/111794\/revisions"}],"wp:featuredmedia":[{"embeddable":true,"href":"https:\/\/www.europesays.com\/ee\/wp-json\/wp\/v2\/media\/111795"}],"wp:attachment":[{"href":"https:\/\/www.europesays.com\/ee\/wp-json\/wp\/v2\/media?parent=111794"}],"wp:term":[{"taxonomy":"category","embeddable":true,"href":"https:\/\/www.europesays.com\/ee\/wp-json\/wp\/v2\/categories?post=111794"},{"taxonomy":"post_tag","embeddable":true,"href":"https:\/\/www.europesays.com\/ee\/wp-json\/wp\/v2\/tags?post=111794"}],"curies":[{"name":"wp","href":"https:\/\/api.w.org\/{rel}","templated":true}]}}