{"id":111853,"date":"2026-02-19T17:49:08","date_gmt":"2026-02-19T17:49:08","guid":{"rendered":"https:\/\/www.europesays.com\/ee\/111853\/"},"modified":"2026-02-19T17:49:08","modified_gmt":"2026-02-19T17:49:08","slug":"kolm-olumpiat-on-tehtud-votan-nuud-aasta-korraga-2","status":"publish","type":"post","link":"https:\/\/www.europesays.com\/ee\/111853\/","title":{"rendered":"kolm ol\u00fcmpiat on tehtud, v\u00f5tan n\u00fc\u00fcd aasta korraga"},"content":{"rendered":"<p class=\"MsoNormal\">Kuidas langetada valikut, millises tiimis ja treeneriga tulevikus j\u00e4tkata? \u00abValikuid on, aga neid pole v\u00e4ga palju. \u00dcks kindel valik on j\u00e4\u00e4da samasse tiimi. Nad tahavad minuga lepingut pikendada. Eks ma ise uurin ka mujalt. Praegu on vara \u00f6elda, ol\u00fcmpia on seljataga, sprindi MM on veel ees.<\/p>\n<p class=\"MsoNormal\">Siin toimub ka palju muudatusi. Paljud uisutajad ja tiimid l\u00f5petavad. Hollandis toimuvad ka muudatused. Eks p\u00e4rast sprindi MMi ja natukene aega hiljem, eks siis on kindel, mis otsus teha.\u00bb<\/p>\n<p class=\"MsoNormal\">Kas ol\u00fcmpial juhtunu s\u00fcstis sportlikku viha, et sprindi MMil paremini \u00f5nnestuda? \u00abKindlasti, motivatsioon on alati laes. See ol\u00fcmpia ei \u00f5nnestunud nii nagu ma lootsin. \u00c4kki l\u00e4heb sprindi MMil paremini ja saab hea tundega hooaja l\u00f5petada. Siis on j\u00e4rgmisele hooajale kindlasti parem vastu minna.\u00bb<\/p>\n<p>1500 meetris tuli \u00fcllatuslikult ol\u00fcmpiav\u00f5itjaks hiinlane Ning Zhongyan ol\u00fcmpiarekordiga 1.41,98, kelle jaoks on tegemist esimese ol\u00fcmpiamedaliga. Nendelt ol\u00fcmpiam\u00e4ngudelt kaks kuldmedalit v\u00f5itnud ameeriklane Jordan Stolz pidi leppima h\u00f5bemedaliga, kaotades hiinlasele 0,77 sekundiga. Pronksmedali v\u00f5itis hollandlane Kjeld Nuis (+0,84).<\/p>\n<p>Enne v\u00f5istlust<\/p>\n<p>Itaaliasse suurte ootustega l\u00e4inud Liivil eba\u00f5nnestusid m\u00f5lemad tema p\u00f5hialad. 1000 m tuli leppida 14., poole l\u00fchemal distantsil 18. kohaga.<\/p>\n<p>\u00abLihtsalt f\u00fc\u00fcsiliselt polnud jalgades sellist purakat nagu n\u00e4iteks Inzellis. V\u00f5ib-olla on keha liiga puhanud ja oleks \u00e4kki pidanud enne 1000 meetrit paar raskemat treeningut tegema. Kolm n\u00e4dalat tagasi oli vorm kindlasti parem kui praegu,\u00bb tunnistas Liiv p\u00e4rast p\u00fchap\u00e4evast 500 m s\u00f5itu.<\/p>\n<p>\u00abKaks n\u00e4dalat tagasi oli ta 500 meetris MK-etapil poodiumil. Seej\u00e4rel pidanuks vorm paranema, aga seda ei juhtunud. Tuleb uurida andmeid ja hinnata, mis l\u00e4ks valesti,\u00bb lisas treener Erwin ten Howe.<\/p>\n<p>T\u00e4nane, 1500 m s\u00f5it on Liivi selgelt n\u00f5rgim distants, kuid kui v\u00f5imalus avanes, pole p\u00f5hjust ol\u00fcmpiastardist loobuda. T\u00e4navu on tal sel alal end proovile pannud kahel korral, novembris: USAs l\u00e4ks kirja B-divisjoni 15. (1.44,51) ja Kanadas 10. koht (1.44,53).<\/p>\n<p>Kokku l\u00e4heb ol\u00fcmpial 1500 m tulle 30 sportlast, kes jagatud paaridesse. Liiv on teises duos koos \u0161veitslase Livio Wengeriga.<\/p>\n<p><img decoding=\"async\" class=\"figure__image\" onclick=\"triggerEvent('articleImageClick', { id: 17456205, focus: 'single-image', focusIndex: '17456205' })\" onkeydown=\"if (event.key === 'Enter') {&#10;        triggerEvent('articleImageClick', { id: 17456205, focus: 'single-image', focusIndex: '17456205' })&#10;        }\" role=\"button\" tabindex=\"0\" data-focus-from=\"single-image\" data-focus-index=\"17456205\" src=\"https:\/\/www.europesays.com\/ee\/wp-content\/uploads\/2026\/02\/17456205t1hda75.png\"  onload=\"this.parentElement.classList.remove('figure__image-loading')\" alt=\"\"\/> Foto: Kuvat\u00f5mmis<\/p>\n","protected":false},"excerpt":{"rendered":"Kuidas langetada valikut, millises tiimis ja treeneriga tulevikus j\u00e4tkata? \u00abValikuid on, aga neid pole v\u00e4ga palju. \u00dcks kindel&hellip;\n","protected":false},"author":2,"featured_media":105255,"comment_status":"","ping_status":"","sticky":false,"template":"","format":"standard","meta":{"footnotes":"","_share_on_mastodon":"0"},"categories":[18],"tags":[52743,52740,52742,37,33,35,51600,34,36,109,16489,159,158,52741],"class_list":["post-111853","post","type-post","status-publish","format-standard","has-post-thumbnail","category-sport","tag-1000-m","tag-1500-m","tag-500-m","tag-ee","tag-eesti","tag-eesti-keel","tag-erwin-ten-howe","tag-estonia","tag-estonian","tag-itaalia","tag-liiv","tag-sport","tag-sports","tag-vorm"],"share_on_mastodon":{"url":"https:\/\/pubeurope.com\/@ee\/116098561718987009","error":""},"_links":{"self":[{"href":"https:\/\/www.europesays.com\/ee\/wp-json\/wp\/v2\/posts\/111853","targetHints":{"allow":["GET"]}}],"collection":[{"href":"https:\/\/www.europesays.com\/ee\/wp-json\/wp\/v2\/posts"}],"about":[{"href":"https:\/\/www.europesays.com\/ee\/wp-json\/wp\/v2\/types\/post"}],"author":[{"embeddable":true,"href":"https:\/\/www.europesays.com\/ee\/wp-json\/wp\/v2\/users\/2"}],"replies":[{"embeddable":true,"href":"https:\/\/www.europesays.com\/ee\/wp-json\/wp\/v2\/comments?post=111853"}],"version-history":[{"count":0,"href":"https:\/\/www.europesays.com\/ee\/wp-json\/wp\/v2\/posts\/111853\/revisions"}],"wp:featuredmedia":[{"embeddable":true,"href":"https:\/\/www.europesays.com\/ee\/wp-json\/wp\/v2\/media\/105255"}],"wp:attachment":[{"href":"https:\/\/www.europesays.com\/ee\/wp-json\/wp\/v2\/media?parent=111853"}],"wp:term":[{"taxonomy":"category","embeddable":true,"href":"https:\/\/www.europesays.com\/ee\/wp-json\/wp\/v2\/categories?post=111853"},{"taxonomy":"post_tag","embeddable":true,"href":"https:\/\/www.europesays.com\/ee\/wp-json\/wp\/v2\/tags?post=111853"}],"curies":[{"name":"wp","href":"https:\/\/api.w.org\/{rel}","templated":true}]}}