{"id":111891,"date":"2026-02-19T18:32:07","date_gmt":"2026-02-19T18:32:07","guid":{"rendered":"https:\/\/www.europesays.com\/ee\/111891\/"},"modified":"2026-02-19T18:32:07","modified_gmt":"2026-02-19T18:32:07","slug":"selgus-pulp-fictioniga-kuulsaks-saanud-naitleja-surma-pohjus","status":"publish","type":"post","link":"https:\/\/www.europesays.com\/ee\/111891\/","title":{"rendered":"Selgus \u00abPulp Fictioniga\u00bb kuulsaks saanud n\u00e4itleja surma p\u00f5hjus"},"content":{"rendered":"<p>N\u00e4itleja Peter Greene, kes Quentin Tarantino filmis \u00abPulp Fiction\u00bb m\u00e4ngis sadistlikku Zedi, leiti 12. detsembril oma Manhattani korterist elutuna. N\u00fc\u00fcd on selgunud tema surma p\u00f5hjus. N\u00e4itleja suri 60-aastaselt.<\/p>\n<p>N\u00e4itleja, kes s\u00fcndis Montclairis New Jerseys, r\u00e4\u00e4kis avalikult oma varasematest s\u00f5ltuvusprobleemidest, kuid v\u00e4idetavalt oli ta surma hetkel olnud juba v\u00e4hemalt paar aastat kaine.<\/p>\n","protected":false},"excerpt":{"rendered":"N\u00e4itleja Peter Greene, kes Quentin Tarantino filmis \u00abPulp Fiction\u00bb m\u00e4ngis sadistlikku Zedi, leiti 12. detsembril oma Manhattani korterist&hellip;\n","protected":false},"author":2,"featured_media":111892,"comment_status":"","ping_status":"","sticky":false,"template":"","format":"standard","meta":{"footnotes":"","_share_on_mastodon":"0"},"categories":[16],"tags":[37,33,35,173,34,36,140,32211,52988,52990,5499,52989],"class_list":["post-111891","post","type-post","status-publish","format-standard","has-post-thumbnail","category-meelelahutus","tag-ee","tag-eesti","tag-eesti-keel","tag-entertainment","tag-estonia","tag-estonian","tag-meelelahutus","tag-peter-greene","tag-peter-greene-surm","tag-pulp-fiction","tag-surm","tag-zed-pulp-fiction"],"share_on_mastodon":{"url":"https:\/\/pubeurope.com\/@ee\/116098730787652340","error":""},"_links":{"self":[{"href":"https:\/\/www.europesays.com\/ee\/wp-json\/wp\/v2\/posts\/111891","targetHints":{"allow":["GET"]}}],"collection":[{"href":"https:\/\/www.europesays.com\/ee\/wp-json\/wp\/v2\/posts"}],"about":[{"href":"https:\/\/www.europesays.com\/ee\/wp-json\/wp\/v2\/types\/post"}],"author":[{"embeddable":true,"href":"https:\/\/www.europesays.com\/ee\/wp-json\/wp\/v2\/users\/2"}],"replies":[{"embeddable":true,"href":"https:\/\/www.europesays.com\/ee\/wp-json\/wp\/v2\/comments?post=111891"}],"version-history":[{"count":0,"href":"https:\/\/www.europesays.com\/ee\/wp-json\/wp\/v2\/posts\/111891\/revisions"}],"wp:featuredmedia":[{"embeddable":true,"href":"https:\/\/www.europesays.com\/ee\/wp-json\/wp\/v2\/media\/111892"}],"wp:attachment":[{"href":"https:\/\/www.europesays.com\/ee\/wp-json\/wp\/v2\/media?parent=111891"}],"wp:term":[{"taxonomy":"category","embeddable":true,"href":"https:\/\/www.europesays.com\/ee\/wp-json\/wp\/v2\/categories?post=111891"},{"taxonomy":"post_tag","embeddable":true,"href":"https:\/\/www.europesays.com\/ee\/wp-json\/wp\/v2\/tags?post=111891"}],"curies":[{"name":"wp","href":"https:\/\/api.w.org\/{rel}","templated":true}]}}