{"id":111948,"date":"2026-02-19T20:03:13","date_gmt":"2026-02-19T20:03:13","guid":{"rendered":"https:\/\/www.europesays.com\/ee\/111948\/"},"modified":"2026-02-19T20:03:13","modified_gmt":"2026-02-19T20:03:13","slug":"valge-maja-kirub-bossi-%e2%9f%a9-bruce-springsteeni-ja-donald-trumpi-vaen-laks-veelgi-teravamaks","status":"publish","type":"post","link":"https:\/\/www.europesays.com\/ee\/111948\/","title":{"rendered":"VALGE MAJA KIRUB BOSSI \u27e9 Bruce Springsteeni ja Donald Trumpi vaen l\u00e4ks veelgi teravamaks"},"content":{"rendered":"<p>Valge Maja on selgelt v\u00e4lja \u00f6elnud, mida Bruce Springsteenist arvab, nimetades \u00fcht maailma enim m\u00fc\u00fcnud artistidest uues vihases avalduses luuseriks. Veteranrokkar, kes on pikka aega olnud Donald Trumpi ja tema administratsiooni kriitik, kuulutas hiljuti v\u00e4lja uue poliitiliselt laetud turnee \u00abThe Land of Hopes and Dreams\u00bb USA kontsertide kuup\u00e4evad. Turnee algab 31. m\u00e4rtsil Minneapolisest.<\/p>\n","protected":false},"excerpt":{"rendered":"Valge Maja on selgelt v\u00e4lja \u00f6elnud, mida Bruce Springsteenist arvab, nimetades \u00fcht maailma enim m\u00fc\u00fcnud artistidest uues vihases&hellip;\n","protected":false},"author":2,"featured_media":111795,"comment_status":"","ping_status":"","sticky":false,"template":"","format":"standard","meta":{"footnotes":"","_share_on_mastodon":"0"},"categories":[80],"tags":[52944,52938,52939,26,27,16011,324,37,33,35,34,36,31,32,21,52942,28,29,95,19,25,42706,39565,52940,52945,52937,23,24,52943,22,20,52941,30,92,93,94],"class_list":["post-111948","post","type-post","status-publish","format-standard","has-post-thumbnail","category-maailm","tag-alex-prett","tag-ameerika-demokraatia","tag-ameerika-vabadus","tag-breaking-news","tag-breakingnews","tag-bruce-springsteen","tag-donald-trump","tag-ee","tag-eesti","tag-eesti-keel","tag-estonia","tag-estonian","tag-featured-news","tag-featurednews","tag-headlines","tag-ice-kriitika","tag-latest-news","tag-latestnews","tag-maailm","tag-news","tag-populaarseimad-lood","tag-renee-good","tag-stephen-miller","tag-steven-cheung","tag-streets-of-minneapolis","tag-the-land-of-hopes-and-dreams-turnee","tag-top-stories","tag-topstories","tag-trumpi-hulluse-sundroom","tag-uldised-uudised","tag-uudised","tag-valge-maja-reaktsioon","tag-viimased-uudised","tag-world","tag-world-news","tag-worldnews"],"share_on_mastodon":{"url":"","error":"Validation failed: Text character limit of 500 exceeded"},"_links":{"self":[{"href":"https:\/\/www.europesays.com\/ee\/wp-json\/wp\/v2\/posts\/111948","targetHints":{"allow":["GET"]}}],"collection":[{"href":"https:\/\/www.europesays.com\/ee\/wp-json\/wp\/v2\/posts"}],"about":[{"href":"https:\/\/www.europesays.com\/ee\/wp-json\/wp\/v2\/types\/post"}],"author":[{"embeddable":true,"href":"https:\/\/www.europesays.com\/ee\/wp-json\/wp\/v2\/users\/2"}],"replies":[{"embeddable":true,"href":"https:\/\/www.europesays.com\/ee\/wp-json\/wp\/v2\/comments?post=111948"}],"version-history":[{"count":0,"href":"https:\/\/www.europesays.com\/ee\/wp-json\/wp\/v2\/posts\/111948\/revisions"}],"wp:featuredmedia":[{"embeddable":true,"href":"https:\/\/www.europesays.com\/ee\/wp-json\/wp\/v2\/media\/111795"}],"wp:attachment":[{"href":"https:\/\/www.europesays.com\/ee\/wp-json\/wp\/v2\/media?parent=111948"}],"wp:term":[{"taxonomy":"category","embeddable":true,"href":"https:\/\/www.europesays.com\/ee\/wp-json\/wp\/v2\/categories?post=111948"},{"taxonomy":"post_tag","embeddable":true,"href":"https:\/\/www.europesays.com\/ee\/wp-json\/wp\/v2\/tags?post=111948"}],"curies":[{"name":"wp","href":"https:\/\/api.w.org\/{rel}","templated":true}]}}