{"id":111974,"date":"2026-02-19T20:57:29","date_gmt":"2026-02-19T20:57:29","guid":{"rendered":"https:\/\/www.europesays.com\/ee\/111974\/"},"modified":"2026-02-19T20:57:29","modified_gmt":"2026-02-19T20:57:29","slug":"keidy-kaasiku-soit-voinuks-natukene-pikem-olla-oleks-kaks-konkurenti-eest-ara-votnud-postimees-sport","status":"publish","type":"post","link":"https:\/\/www.europesays.com\/ee\/111974\/","title":{"rendered":"Keidy Kaasiku: s\u00f5it v\u00f5inuks natukene pikem olla, oleks kaks konkurenti eest \u00e4ra v\u00f5tnud &#8211; Postimees Sport"},"content":{"rendered":"<ol>\n<li><a href=\"https:\/\/news.google.com\/rss\/articles\/CBMiuwFBVV95cUxQUUtGM2pRWW9EWEg3RndxeGRDOTM3MG5jeFl2a2liOUJGelJHU1JfVlJoZEF4czAwNjFPWVN1U19XdGtqMEt0OWY1bXdtcG16UFhXTlJLVGhDQmRVRXAxV0dHXzdVdmJZMjI3b1RHYi1Vc2FKV3BLcEM4Z0xYdlhSNnJ0My1ySmJ3cEdMWV9SQkl4MUpqLUVYdENqQTVmVi1NR0RqSTdSVzEwN0wxc0JRVTRtYk1mWWYtaVA4?oc=5\" target=\"_blank\" rel=\"nofollow noopener\">Keidy Kaasiku: s\u00f5it v\u00f5inuks natukene pikem olla, oleks kaks konkurenti eest \u00e4ra v\u00f5tnud<\/a>&nbsp;&nbsp;Postimees Sport<\/li>\n<li><a href=\"https:\/\/news.google.com\/rss\/articles\/CBMihgFBVV95cUxQZFZLeUxmMjNnajF6T0F4WTVUcUNrZnIzMTRlNEdTX0ZLcWJsNVNPX184NW44YUxXaFRkUFQ0eXo5WHFybktVWTQtSGNXNmJVUW9CWFk5LW9aM3NNRkNNZk0xMUJ0SW1QUzNhNU9RQnJ3dkVTVmNabzZ5TjV3U0dqV3BNaFo1dw?oc=5\" target=\"_blank\" rel=\"nofollow noopener\">Prantsusmaa sai \u00fcle aastak\u00fcmnete v\u00f5idu, Eesti 14.<\/a>&nbsp;&nbsp;sport | ERR<\/li>\n<li><a href=\"https:\/\/news.google.com\/rss\/articles\/CBMipgFBVV95cUxOUDJZRHI4Nlc4d0NXa3ZTZkhhMUF3Y19YUFU0QW5kaFdPemwyWGNuUW04NG1scW9ZNjMzYkw1WmFqbnNUY3FQNFBKNkdSV2VOY0V2Qm5maVRtSGd3WWlpZV9GRHpkWkRnNUc5V3V5NEM2NmdIRlhTRDJldVpZY3ZhYkMzSklmLXZjdm9HejdfTXcyQU4yNzhuM3ljUUpCSXhVMldZamlB?oc=5\" target=\"_blank\" rel=\"nofollow noopener\">BLOGI \u27e9 Trahviringil k\u00e4inud Prantsusmaale ol\u00fcmpiav\u00f5it, Eesti nelik esines kasinalt<\/a>&nbsp;&nbsp;Postimees Sport<\/li>\n<li><a href=\"https:\/\/news.google.com\/rss\/articles\/CBMipAFBVV95cUxOcUcwRHl5VVI5MUNkNkhJTlFoQk9ESnNGdnNKaGdsOHhSNlF2XzQtYU5XWUlSaW11Y3l3S1otdUVMVC1wejV6eTNORGtkeXVzUEF3YUpXREhDcWdYUnU2MldXT05NM1dWY1kyMEVOZW9SbFN3QmxEWFZKVVBtNkk0VTU4ajQzOWZKd2JZVm1vT0dwUEZ5WlFyZHVQTlgwbU5fcXY0TA?oc=5\" target=\"_blank\" rel=\"nofollow noopener\">OL\u00dcMPIABLOGI | Kas laskesuusanaised s\u00f5idavad \u00fcle meeste eilse koha?<\/a>&nbsp;&nbsp;\u00d5htuleht<\/li>\n<li><a href=\"https:\/\/news.google.com\/rss\/articles\/CBMikwFBVV95cUxNSElCYlFSWTYxdUVHc3lVa1BYcGlrS0E4M0lUaFVRZTVQemlXQW41R1pBZHNfRzlqazVJX3VQM0xGcFk5azBHMUJuOGpBTFhUY0l3eTN2ejFjZ0pVTTJJZVJvUmxoX2JyWDdxQVRtZGxfOGRkcWVSblVjRE5PTlNwSHRvQUxONkdocWlkRV84VFJjcVk?oc=5\" target=\"_blank\" rel=\"nofollow noopener\">BLOGI \u27e9 Rootsi ja Norra v\u00f5tsid kindlald kuldmedalid, Eesti naised parandasid finaalis kohta<\/a>&nbsp;&nbsp;Postimees Sport<\/li>\n<\/ol>\n","protected":false},"excerpt":{"rendered":"Keidy Kaasiku: s\u00f5it v\u00f5inuks natukene pikem olla, oleks kaks konkurenti eest \u00e4ra v\u00f5tnud&nbsp;&nbsp;Postimees Sport Prantsusmaa sai \u00fcle aastak\u00fcmnete&hellip;\n","protected":false},"author":2,"featured_media":111975,"comment_status":"","ping_status":"","sticky":false,"template":"","format":"standard","meta":{"footnotes":"","_share_on_mastodon":"0"},"categories":[18],"tags":[37,33,35,43451,34,36,12587,24024,3022,4916,53023,159,158,27315,1911],"class_list":["post-111974","post","type-post","status-publish","format-standard","has-post-thumbnail","category-sport","tag-ee","tag-eesti","tag-eesti-keel","tag-eesti-meeskond","tag-estonia","tag-estonian","tag-kaasik","tag-karl-sebastian-dremljuga","tag-martin-himma","tag-milano-cortina","tag-pulles","tag-sport","tag-sports","tag-sundling","tag-trondheim"],"share_on_mastodon":{"url":"","error":""},"_links":{"self":[{"href":"https:\/\/www.europesays.com\/ee\/wp-json\/wp\/v2\/posts\/111974","targetHints":{"allow":["GET"]}}],"collection":[{"href":"https:\/\/www.europesays.com\/ee\/wp-json\/wp\/v2\/posts"}],"about":[{"href":"https:\/\/www.europesays.com\/ee\/wp-json\/wp\/v2\/types\/post"}],"author":[{"embeddable":true,"href":"https:\/\/www.europesays.com\/ee\/wp-json\/wp\/v2\/users\/2"}],"replies":[{"embeddable":true,"href":"https:\/\/www.europesays.com\/ee\/wp-json\/wp\/v2\/comments?post=111974"}],"version-history":[{"count":0,"href":"https:\/\/www.europesays.com\/ee\/wp-json\/wp\/v2\/posts\/111974\/revisions"}],"wp:featuredmedia":[{"embeddable":true,"href":"https:\/\/www.europesays.com\/ee\/wp-json\/wp\/v2\/media\/111975"}],"wp:attachment":[{"href":"https:\/\/www.europesays.com\/ee\/wp-json\/wp\/v2\/media?parent=111974"}],"wp:term":[{"taxonomy":"category","embeddable":true,"href":"https:\/\/www.europesays.com\/ee\/wp-json\/wp\/v2\/categories?post=111974"},{"taxonomy":"post_tag","embeddable":true,"href":"https:\/\/www.europesays.com\/ee\/wp-json\/wp\/v2\/tags?post=111974"}],"curies":[{"name":"wp","href":"https:\/\/api.w.org\/{rel}","templated":true}]}}