{"id":112039,"date":"2026-02-19T23:35:15","date_gmt":"2026-02-19T23:35:15","guid":{"rendered":"https:\/\/www.europesays.com\/ee\/112039\/"},"modified":"2026-02-19T23:35:15","modified_gmt":"2026-02-19T23:35:15","slug":"ootamatult-juhi-kaotanud-noo-valda-hakkab-juhtima-helen-elias","status":"publish","type":"post","link":"https:\/\/www.europesays.com\/ee\/112039\/","title":{"rendered":"Ootamatult juhi kaotanud N\u00f5o valda hakkab juhtima Helen Elias"},"content":{"rendered":"<p>Elias kandideeris kohalikel valimistel ise T\u00f5rva valla nimekirjas. T\u00f5rvas on ta olnud ka kaks aastat vallavanema rollis ning enne seda abivallavanem. N\u00fc\u00fcd hakkab ta juhtima aga N\u00f5o valda.<\/p>\n<p>Volikogu istungil h\u00e4\u00e4letasid Eliase poolt k\u00f5ik volinikud, vastu ega erapooletuid ei olnud.<\/p>\n<p>Elias kuulus jaanuarikuu l\u00f5puni ka Reformierakonda, kuid alates veebruarist on ta parteitu. Tal on k\u00f5rgharidus maksunduse ja tolli erialal, \u00e4rijuhtimise erialal ning praegu omandab ta Tartu \u00fclikoolis finantsjuhtimise magistrikraadi. Ta on t\u00f6\u00f6tanud ka maksu- ja tolliametis maksuaudiitorina.<\/p>\n<p>Eelnevalt N\u00f5o vallavanema kohale valitud Pille Pokk loobus peale kaht n\u00e4dalat oma ametist. Ta viitas muuhulgas, et talle ei j\u00e4etud otsustus\u00f5igust, kellega vallavalitsust moodustada, mist\u00f5ttu pidas ta ausaks loobuda ametist. Pokk kogus vallavolikogus ametisse asumiseks 12 volikogu liikme h\u00e4\u00e4led 15st.<\/p>\n<p><a href=\"http:\/\/www.delfi.ee\/artikkel\/120433448\/noo-vallavanema-konkursil-valituks-osutunud-pille-pokk-loobus-ametist-juhile-antakse-tavaliselt-otsustusoigus#dalrel-in-article\" class=\"content-embedded-articles-single__embedded-article\" data-v-469265ed=\"\" rel=\"nofollow noopener\" target=\"_blank\"><\/p>\n<p> 02.02.2026 <\/p>\n<p> N\u00f5o vallavanema konkursil valituks osutunud Pille Pokk loobus ametist. \u201eJuhile antakse tavaliselt otsustus\u00f5igus\u201c  (48) <\/p>\n<p><\/a>Kuidas see lugu Sind end tundma pani? Saada <a href=\"https:\/\/www.delfi.ee\/artikkel\/120437477\/ootamatult-juhi-kaotanud-noo-valda-hakkab-juhtima-helen-elias\/kommentaarid\" class=\"article-body-bottom__comment article-body-bottom__comment--write button button--primary button--size-auto\" rel=\"nofollow noopener\" target=\"_blank\"> Kommenteeri <\/a><a href=\"https:\/\/www.delfi.ee\/artikkel\/120437477\/ootamatult-juhi-kaotanud-noo-valda-hakkab-juhtima-helen-elias\/kommentaarid\" class=\"article-body-bottom__comment article-body-bottom__comment--read button button--size-auto\" rel=\"nofollow noopener\" target=\"_blank\"> Loe kommentaare (8)<\/a><\/p>\n","protected":false},"excerpt":{"rendered":"Elias kandideeris kohalikel valimistel ise T\u00f5rva valla nimekirjas. T\u00f5rvas on ta olnud ka kaks aastat vallavanema rollis ning&hellip;\n","protected":false},"author":2,"featured_media":112040,"comment_status":"","ping_status":"","sticky":false,"template":"","format":"standard","meta":{"footnotes":"","_share_on_mastodon":"0"},"categories":[5],"tags":[26,27,37,33,35,34,36,31,32,21,4080,28,29,19,22305,25,23,24,13630,22,20,30],"class_list":["post-112039","post","type-post","status-publish","format-standard","has-post-thumbnail","category-uldised-uudised","tag-breaking-news","tag-breakingnews","tag-ee","tag-eesti","tag-eesti-keel","tag-estonia","tag-estonian","tag-featured-news","tag-featurednews","tag-headlines","tag-kohalikud-omavalitsused","tag-latest-news","tag-latestnews","tag-news","tag-noo","tag-populaarseimad-lood","tag-top-stories","tag-topstories","tag-torva","tag-uldised-uudised","tag-uudised","tag-viimased-uudised"],"share_on_mastodon":{"url":"https:\/\/pubeurope.com\/@ee\/116099922190431407","error":""},"_links":{"self":[{"href":"https:\/\/www.europesays.com\/ee\/wp-json\/wp\/v2\/posts\/112039","targetHints":{"allow":["GET"]}}],"collection":[{"href":"https:\/\/www.europesays.com\/ee\/wp-json\/wp\/v2\/posts"}],"about":[{"href":"https:\/\/www.europesays.com\/ee\/wp-json\/wp\/v2\/types\/post"}],"author":[{"embeddable":true,"href":"https:\/\/www.europesays.com\/ee\/wp-json\/wp\/v2\/users\/2"}],"replies":[{"embeddable":true,"href":"https:\/\/www.europesays.com\/ee\/wp-json\/wp\/v2\/comments?post=112039"}],"version-history":[{"count":0,"href":"https:\/\/www.europesays.com\/ee\/wp-json\/wp\/v2\/posts\/112039\/revisions"}],"wp:featuredmedia":[{"embeddable":true,"href":"https:\/\/www.europesays.com\/ee\/wp-json\/wp\/v2\/media\/112040"}],"wp:attachment":[{"href":"https:\/\/www.europesays.com\/ee\/wp-json\/wp\/v2\/media?parent=112039"}],"wp:term":[{"taxonomy":"category","embeddable":true,"href":"https:\/\/www.europesays.com\/ee\/wp-json\/wp\/v2\/categories?post=112039"},{"taxonomy":"post_tag","embeddable":true,"href":"https:\/\/www.europesays.com\/ee\/wp-json\/wp\/v2\/tags?post=112039"}],"curies":[{"name":"wp","href":"https:\/\/api.w.org\/{rel}","templated":true}]}}