{"id":112280,"date":"2026-02-20T09:43:11","date_gmt":"2026-02-20T09:43:11","guid":{"rendered":"https:\/\/www.europesays.com\/ee\/112280\/"},"modified":"2026-02-20T09:43:11","modified_gmt":"2026-02-20T09:43:11","slug":"ungari-ja-slovakkia-ahvardasid-ukrainat-energiaekspordi-katkestamisega","status":"publish","type":"post","link":"https:\/\/www.europesays.com\/ee\/112280\/","title":{"rendered":"Ungari ja Slovakkia \u00e4hvardasid Ukrainat energiaekspordi katkestamisega"},"content":{"rendered":"<p>Ungari ja <a rel=\"noopener nofollow\" target=\"_blank\" href=\"https:\/\/www.delfi.ee\/teema\/22816575\/slovakkia\" tag-id=\"22816575\">Slovakkia<\/a> on j\u00e4\u00e4nud ainsateks Euroopa Liidu riikideks, mis kasutavad torjuhtme Dru\u017eba kaudu saabuvat Vene naftat, mille vool aga katkes 27. jaanuaril Ukraina s\u00f5nul Vene droonir\u00fcnnaku t\u00f5ttu, mis kahjustas torujuhtmetaristut, vahendab Reuters.<\/p>\n<p>Ungari ja Slovakkia on s\u00fc\u00fcdistanud Ukrainat naftavoolu taastamisega venitamises poliitilistel p\u00f5hjustel ning kolmap\u00e4eval teatasid nad, et peatavad diiselk\u00fctuse ekspordi Ukrainasse.<\/p>\n<p>Ukraina eitab s\u00fc\u00fcdistusi.<\/p>\n<p>\u201eMe kaalume ka v\u00f5imalust peatada elektri- ja gaasitarned Ukraina suunas,\u201c \u00fctles Guly\u00e1s, lisades, et <a rel=\"noopener nofollow\" target=\"_blank\" href=\"https:\/\/www.delfi.ee\/teema\/57254588\/budapest\" tag-id=\"57254588\">Budapest<\/a> koordineerib oma samme <a rel=\"noopener nofollow\" target=\"_blank\" href=\"https:\/\/www.delfi.ee\/teema\/22816567\/bratislava\" tag-id=\"22816567\">Bratislavaga<\/a>.<\/p>\n<p>\u201eTuleb veel vastumeetmeid, kui Ukraina valitsus ei muuda oma otsust ja j\u00e4tkab torujuhtme Dru\u017eba valep\u00f5hjendustega kinnihoidmist,\u201c \u00e4hvardas Guly\u00e1s.<\/p>\n<p>Ungari ja Slovakkia on andnud Kiievi konsultatsiooniettev\u00f5tte ExPro andmetel sel kuul 68% Ukraina imporditud elektrist. Ungarist on lisaks tulnud umbes kolmandik Ukraina gaasiimpordist.<\/p>\n<p>Slovakkia peaminister <a rel=\"noopener nofollow\" target=\"_blank\" href=\"https:\/\/www.delfi.ee\/teema\/68819281\/robert-fico\" tag-id=\"68819281\">Robert Fico<\/a> r\u00e4\u00e4kis kolmap\u00e4eval samuti Ukrainale elektritarnete peatamise v\u00f5imalusest.<\/p>\n<p>Ungari teatas kolmap\u00e4eval, et palus koos Slovakkiaga, et <a rel=\"noopener nofollow\" target=\"_blank\" href=\"https:\/\/www.delfi.ee\/teema\/24756739\/euroopa-komisjon\" tag-id=\"24756739\">Euroopa Komisjon<\/a> teeks erandi ja lubaks neil osta merd m\u00f6\u00f6da liikuvat Vene naftat vaatamata sellele, et sanktsioonid keelavad seda teha.<\/p>\n<p>See toimuks <a rel=\"noopener nofollow\" target=\"_blank\" href=\"https:\/\/www.delfi.ee\/teema\/29735995\/horvaatia\" tag-id=\"29735995\">Horvaatia<\/a> kaudu. Sealne majandusminister Ante \u0160u\u0161njar on \u00f6elnud, et Aadria torujuhe suudab transportida rohkem naftat Ungarisse ja Slovakkiasse, aga see ei tohi olla Vene nafta.<\/p>\n<p>\u201e\u00dchegi EL-i riigi jaoks ei ole j\u00e4\u00e4nud tehnilisi vabandusi Vene toornaftaga seotuks j\u00e4\u00e4miseks,\u201c kirjutas \u0160u\u0161njar X-is. \u201e<a rel=\"noopener nofollow\" target=\"_blank\" href=\"https:\/\/www.delfi.ee\/teema\/3\/venemaa\" tag-id=\"3\">Venemaalt<\/a> ostetud barrel v\u00f5ib m\u00f5ne riigi jaoks odavam n\u00e4ida, aga aitab rahastada s\u00f5da ja r\u00fcnnakuid Ukraina rahva vastu.\u201c<\/p>\n<p>Guly\u00e1s kordas eile ka s\u00fc\u00fcdistust, et Ukraina p\u00fc\u00fcab sekkuda Ungaris 12. aprillil toimuvatesse parlamendivalimistesse.<\/p>\n<p>Kuidas see lugu Sind end tundma pani? Saada <a href=\"https:\/\/www.delfi.ee\/artikkel\/120437622\/ungari-ja-slovakkia-ahvardasid-ukrainat-energiaekspordi-katkestamisega\/kommentaarid\" class=\"article-body-bottom__comment article-body-bottom__comment--write button button--primary button--size-auto\" rel=\"nofollow noopener\" target=\"_blank\"> Kommenteeri <\/a><a href=\"https:\/\/www.delfi.ee\/artikkel\/120437622\/ungari-ja-slovakkia-ahvardasid-ukrainat-energiaekspordi-katkestamisega\/kommentaarid\" class=\"article-body-bottom__comment article-body-bottom__comment--read button button--size-auto\" rel=\"nofollow noopener\" target=\"_blank\"> Loe kommentaare (8)<\/a><\/p>\n","protected":false},"excerpt":{"rendered":"Ungari ja Slovakkia on j\u00e4\u00e4nud ainsateks Euroopa Liidu riikideks, mis kasutavad torjuhtme Dru\u017eba kaudu saabuvat Vene naftat, mille&hellip;\n","protected":false},"author":2,"featured_media":112281,"comment_status":"","ping_status":"","sticky":false,"template":"","format":"standard","meta":{"footnotes":"","_share_on_mastodon":"0"},"categories":[80],"tags":[1349,26,27,1351,37,33,35,34,36,2337,590,31,32,21,7489,1208,28,29,95,19,25,5064,1350,23,24,262,22,118,20,96,30,3796,92,93,94],"class_list":["post-112280","post","type-post","status-publish","format-standard","has-post-thumbnail","category-maailm","tag-bratislava","tag-breaking-news","tag-breakingnews","tag-budapest","tag-ee","tag-eesti","tag-eesti-keel","tag-estonia","tag-estonian","tag-euroopa-komisjon","tag-euroopa-liit","tag-featured-news","tag-featurednews","tag-headlines","tag-horvaatia","tag-kiiev","tag-latest-news","tag-latestnews","tag-maailm","tag-news","tag-populaarseimad-lood","tag-robert-fico","tag-slovakkia","tag-top-stories","tag-topstories","tag-ukraina","tag-uldised-uudised","tag-ungari","tag-uudised","tag-venemaa","tag-viimased-uudised","tag-viktor-orban","tag-world","tag-world-news","tag-worldnews"],"share_on_mastodon":{"url":"https:\/\/pubeurope.com\/@ee\/116102313232142944","error":""},"_links":{"self":[{"href":"https:\/\/www.europesays.com\/ee\/wp-json\/wp\/v2\/posts\/112280","targetHints":{"allow":["GET"]}}],"collection":[{"href":"https:\/\/www.europesays.com\/ee\/wp-json\/wp\/v2\/posts"}],"about":[{"href":"https:\/\/www.europesays.com\/ee\/wp-json\/wp\/v2\/types\/post"}],"author":[{"embeddable":true,"href":"https:\/\/www.europesays.com\/ee\/wp-json\/wp\/v2\/users\/2"}],"replies":[{"embeddable":true,"href":"https:\/\/www.europesays.com\/ee\/wp-json\/wp\/v2\/comments?post=112280"}],"version-history":[{"count":0,"href":"https:\/\/www.europesays.com\/ee\/wp-json\/wp\/v2\/posts\/112280\/revisions"}],"wp:featuredmedia":[{"embeddable":true,"href":"https:\/\/www.europesays.com\/ee\/wp-json\/wp\/v2\/media\/112281"}],"wp:attachment":[{"href":"https:\/\/www.europesays.com\/ee\/wp-json\/wp\/v2\/media?parent=112280"}],"wp:term":[{"taxonomy":"category","embeddable":true,"href":"https:\/\/www.europesays.com\/ee\/wp-json\/wp\/v2\/categories?post=112280"},{"taxonomy":"post_tag","embeddable":true,"href":"https:\/\/www.europesays.com\/ee\/wp-json\/wp\/v2\/tags?post=112280"}],"curies":[{"name":"wp","href":"https:\/\/api.w.org\/{rel}","templated":true}]}}