{"id":112438,"date":"2026-02-20T12:50:42","date_gmt":"2026-02-20T12:50:42","guid":{"rendered":"https:\/\/www.europesays.com\/ee\/112438\/"},"modified":"2026-02-20T12:50:42","modified_gmt":"2026-02-20T12:50:42","slug":"plusskraadid-on-tulemas-hoonete-katused-tuleb-lumest-ja-jaast-puhtad-hoida","status":"publish","type":"post","link":"https:\/\/www.europesays.com\/ee\/112438\/","title":{"rendered":"Plusskraadid on tulemas: hoonete katused tuleb lumest ja j\u00e4\u00e4st puhtad hoida"},"content":{"rendered":"<p>Lumekoormuse hindamisel tuleb arvestada, et pikemalt seisnud ja sulav lumi on m\u00e4rksa raskem kui v\u00e4rskelt sadanud lumekiht. Samuti tuleb l\u00e4htuda hoone projekteerimisel ette n\u00e4htud v\u00f5imalikest lisakoormustest. Liigne lumi tuleb katustelt eemaldada ning seejuures j\u00e4lgida, et puhastust\u00f6\u00f6de k\u00e4igus ei tekiks ajutist lisakoormust \u2013 n\u00e4iteks olukorras, kus enne lume alla heitmist kogutakse see \u00fchte katuse serva. <\/p>\n<p>TTJA paneb s\u00fcdamele, et katuser\u00e4\u00e4stad peavad olema ohutud igal ajahetkel. Ehitise omaniku kohustus on j\u00e4lgida lumeperioodil regulaarselt katusele kogunevat lume ja j\u00e4\u00e4 seisukorda, kohustuste eiramine on karistatav. Varalise kahju tekkimisel vastutab omanik tsiviilkorras, teisele inimesele tervisekahjustuse p\u00f5hjustamisel v\u00f5ib j\u00e4rgneda omaniku vastutus karistusseadustiku alusel. <\/p>\n<p>Kuidas see lugu Sind end tundma pani? Saada <a href=\"https:\/\/maaleht.delfi.ee\/artikkel\/120437605\/plusskraadid-on-tulemas-hoonete-katused-tuleb-lumest-ja-jaast-puhtad-hoida\/kommentaarid\" class=\"article-body-bottom__comment article-body-bottom__comment--write button button--primary button--size-auto\" rel=\"nofollow noopener\" target=\"_blank\"> Kommenteeri <\/a><a href=\"https:\/\/maaleht.delfi.ee\/artikkel\/120437605\/plusskraadid-on-tulemas-hoonete-katused-tuleb-lumest-ja-jaast-puhtad-hoida\/kommentaarid\" class=\"article-body-bottom__comment article-body-bottom__comment--read button button--size-auto\" rel=\"nofollow noopener\" target=\"_blank\"> Loe kommentaare (5)<\/a><\/p>\n","protected":false},"excerpt":{"rendered":"Lumekoormuse hindamisel tuleb arvestada, et pikemalt seisnud ja sulav lumi on m\u00e4rksa raskem kui v\u00e4rskelt sadanud lumekiht. Samuti&hellip;\n","protected":false},"author":2,"featured_media":112439,"comment_status":"","ping_status":"","sticky":false,"template":"","format":"standard","meta":{"footnotes":"","_share_on_mastodon":"0"},"categories":[14],"tags":[131,130,37,33,35,34,36,10523,2836,7612],"class_list":["post-112438","post","type-post","status-publish","format-standard","has-post-thumbnail","category-ari","tag-ari","tag-business","tag-ee","tag-eesti","tag-eesti-keel","tag-estonia","tag-estonian","tag-lumekoristus","tag-talv","tag-ttja"],"share_on_mastodon":{"url":"https:\/\/pubeurope.com\/@ee\/116103048291227042","error":""},"_links":{"self":[{"href":"https:\/\/www.europesays.com\/ee\/wp-json\/wp\/v2\/posts\/112438","targetHints":{"allow":["GET"]}}],"collection":[{"href":"https:\/\/www.europesays.com\/ee\/wp-json\/wp\/v2\/posts"}],"about":[{"href":"https:\/\/www.europesays.com\/ee\/wp-json\/wp\/v2\/types\/post"}],"author":[{"embeddable":true,"href":"https:\/\/www.europesays.com\/ee\/wp-json\/wp\/v2\/users\/2"}],"replies":[{"embeddable":true,"href":"https:\/\/www.europesays.com\/ee\/wp-json\/wp\/v2\/comments?post=112438"}],"version-history":[{"count":0,"href":"https:\/\/www.europesays.com\/ee\/wp-json\/wp\/v2\/posts\/112438\/revisions"}],"wp:featuredmedia":[{"embeddable":true,"href":"https:\/\/www.europesays.com\/ee\/wp-json\/wp\/v2\/media\/112439"}],"wp:attachment":[{"href":"https:\/\/www.europesays.com\/ee\/wp-json\/wp\/v2\/media?parent=112438"}],"wp:term":[{"taxonomy":"category","embeddable":true,"href":"https:\/\/www.europesays.com\/ee\/wp-json\/wp\/v2\/categories?post=112438"},{"taxonomy":"post_tag","embeddable":true,"href":"https:\/\/www.europesays.com\/ee\/wp-json\/wp\/v2\/tags?post=112438"}],"curies":[{"name":"wp","href":"https:\/\/api.w.org\/{rel}","templated":true}]}}