{"id":112445,"date":"2026-02-20T12:59:11","date_gmt":"2026-02-20T12:59:11","guid":{"rendered":"https:\/\/www.europesays.com\/ee\/112445\/"},"modified":"2026-02-20T12:59:11","modified_gmt":"2026-02-20T12:59:11","slug":"viinis-oppiv-helilooja-gregor-kulla-muusikaharidus-ei-ole-eestis-koige-saravam","status":"publish","type":"post","link":"https:\/\/www.europesays.com\/ee\/112445\/","title":{"rendered":"Viinis \u00f5ppiv helilooja Gregor Kulla: muusikaharidus ei ole Eestis k\u00f5ige s\u00e4ravam"},"content":{"rendered":"<p>Saatejuht Raul Saaremetsa k\u00fcsimusele, kuidas Viin teda kohtleb, vastab Kulla: \u201eViin kohtleb mind v\u00e4ga h\u00e4sti. Ma olin kaotanud \u00e4ra usu v\u00f5i hea tunde seoses klassikalise muusikaga. Ja seoses muusikaharidusega, mis ei ole meie juures k\u00f5ige s\u00e4ravam, ning noortel ei ole siin k\u00f5ige toredam. Ma arvasin, et see ongi nii v\u00f5i et see on minu mingisugune kujutelm.\u201c<\/p>\n<p>\u201eViinis on mul karp lahti. H\u00e4bi mul otseselt ei ole, aga see on v\u00f5\u00f5ras tunne, et inimesed t\u00f6\u00f6tavad ja \u00f5pivad kuskil sedasi, et t\u00f6\u00f6tajad on r\u00f5\u00f5msad ja \u00f5pilased on r\u00f5\u00f5msad. K\u00f5ige jaoks on aega, esmaklassiline haridus, esmaklassilised v\u00f5imalused \u2013 see on k\u00f5ik v\u00e4ga-v\u00e4ga-v\u00e4ga-v\u00e4ga \u00fcllatav olnud mulle,\u201c r\u00e4\u00e4gib Kulla.<\/p>\n<p>19. aprillil tuleb Eesti Muusika P\u00e4evadel esmaesitlusele Kulla \u00e4sja kirjutatud teos keelpillikvartetile, mida esitab keelpillikvartett M4GNET. Helilooja s\u00f5nul kardab ta seda kontserti, sest teost v\u00f5ib olla keeruline m\u00e4ngida. \u201eKuna seal on palju mingeid x-tehnikaid,\u201c \u00fctleb ta.<\/p>\n<p>Juba on ta aga alustanud teose kirjutamist triole \u2013 see tuleb ettekandmisele s\u00fcgisel n\u00fc\u00fcdismuusikafestivalil Afekt.<\/p>\n<p>Muusika loomise ja uue teosega alustamise kohta r\u00e4\u00e4gib Gregor: \u201eSee algab minul valdavalt uurimist\u00f6\u00f6st. See, mis mind hetkel huvitab, selle kohta \u00fcritan ma nii palju uurida, kui v\u00e4hegi v\u00f5imalik. Tavaliselt valmivad mul k\u00f5igepealt mingid pisikesed \u201euurimist\u00f6\u00f6d\u201c, mis on siis mulle abiks. Et ma tunnen, et olen selles teemas sees, mu m\u00f5tted on sellega h\u00f5ivatud, k\u00e4ib mingi klikk \u00e4ra ja saan midagi tegema hakata. Saab muidugi ka teistmoodi, aga tunnen, et see on minu jaoks k\u00f5ige meeldivam.\u201c<\/p>\n<p>Saatejuht Raul Saaremetsa valikul hinnati j\u00e4rgmisi lugusid:<\/p>\n<p>\u2022 Jooseppro &amp; Lennu \u201eMa nagu LOL\u201c<\/p>\n<p>\u2022 Charli xcx \u201eAlways Everywhere\u201c<\/p>\n<p>\u2022 Majaka Mandela \u201eTossud\u201c<\/p>\n<p>\u2022 Paul Anka \u201eAnytime\u201c<\/p>\n<p>Milline lugu v\u00f5itis? Kuula podcastist!<\/p>\n<p>Kuidas see lugu Sind end tundma pani? Saada <a href=\"https:\/\/epl.delfi.ee\/artikkel\/120437681\/viinis-oppiv-helilooja-gregor-kulla-muusikaharidus-ei-ole-eestis-koige-saravam\/kommentaarid\" class=\"article-body-bottom__comment article-body-bottom__comment--write button button--primary button--size-auto\" rel=\"nofollow noopener\" target=\"_blank\"> Kommenteeri <\/a><a href=\"https:\/\/epl.delfi.ee\/artikkel\/120437681\/viinis-oppiv-helilooja-gregor-kulla-muusikaharidus-ei-ole-eestis-koige-saravam\/kommentaarid\" class=\"article-body-bottom__comment article-body-bottom__comment--read button button--size-auto\" rel=\"nofollow noopener\" target=\"_blank\"> Loe kommentaare (7)<\/a><\/p>\n","protected":false},"excerpt":{"rendered":"Saatejuht Raul Saaremetsa k\u00fcsimusele, kuidas Viin teda kohtleb, vastab Kulla: \u201eViin kohtleb mind v\u00e4ga h\u00e4sti. Ma olin kaotanud&hellip;\n","protected":false},"author":2,"featured_media":112446,"comment_status":"","ping_status":"","sticky":false,"template":"","format":"standard","meta":{"footnotes":"","_share_on_mastodon":"0"},"categories":[16],"tags":[911,18986,37,33,35,32083,173,34,36,27634,140,909,49031],"class_list":["post-112445","post","type-post","status-publish","format-standard","has-post-thumbnail","category-meelelahutus","tag-muusikan6unikud","tag-converse-eesti","tag-ee","tag-eesti","tag-eesti-keel","tag-eesti-muusika-paevad","tag-entertainment","tag-estonia","tag-estonian","tag-gregor-kulla","tag-meelelahutus","tag-muusikalinn-tallinn","tag-tepsli"],"share_on_mastodon":{"url":"https:\/\/pubeurope.com\/@ee\/116103083730066578","error":""},"_links":{"self":[{"href":"https:\/\/www.europesays.com\/ee\/wp-json\/wp\/v2\/posts\/112445","targetHints":{"allow":["GET"]}}],"collection":[{"href":"https:\/\/www.europesays.com\/ee\/wp-json\/wp\/v2\/posts"}],"about":[{"href":"https:\/\/www.europesays.com\/ee\/wp-json\/wp\/v2\/types\/post"}],"author":[{"embeddable":true,"href":"https:\/\/www.europesays.com\/ee\/wp-json\/wp\/v2\/users\/2"}],"replies":[{"embeddable":true,"href":"https:\/\/www.europesays.com\/ee\/wp-json\/wp\/v2\/comments?post=112445"}],"version-history":[{"count":0,"href":"https:\/\/www.europesays.com\/ee\/wp-json\/wp\/v2\/posts\/112445\/revisions"}],"wp:featuredmedia":[{"embeddable":true,"href":"https:\/\/www.europesays.com\/ee\/wp-json\/wp\/v2\/media\/112446"}],"wp:attachment":[{"href":"https:\/\/www.europesays.com\/ee\/wp-json\/wp\/v2\/media?parent=112445"}],"wp:term":[{"taxonomy":"category","embeddable":true,"href":"https:\/\/www.europesays.com\/ee\/wp-json\/wp\/v2\/categories?post=112445"},{"taxonomy":"post_tag","embeddable":true,"href":"https:\/\/www.europesays.com\/ee\/wp-json\/wp\/v2\/tags?post=112445"}],"curies":[{"name":"wp","href":"https:\/\/api.w.org\/{rel}","templated":true}]}}