{"id":112664,"date":"2026-02-20T17:13:07","date_gmt":"2026-02-20T17:13:07","guid":{"rendered":"https:\/\/www.europesays.com\/ee\/112664\/"},"modified":"2026-02-20T17:13:07","modified_gmt":"2026-02-20T17:13:07","slug":"parnu-suvelavastus-noorest-merekarust-kolib-talveks-tallinna-lennusadamasse-teater","status":"publish","type":"post","link":"https:\/\/www.europesays.com\/ee\/112664\/","title":{"rendered":"P\u00e4rnu suvelavastus noorest merekarust kolib talveks Tallinna Lennusadamasse | Teater"},"content":{"rendered":"<p>Tallinna Lennusadamasse on end ajutiselt sisse seadnud suvelavastus &#8220;Noore merekaru esimene suurem seiklus,&#8221; mille lavastaja Tiit Palu t\u00f5i eelmisel suvel lavale P\u00e4rnu Jahtklubi purjekakuuris.<\/p>\n<p>Muusikaline koguperelugu jutustab merearmastusest ja meremehetarkustest, siin on romantikat ja seiklusi, tuult ja tormi. Laval on Saara N\u00fcganen ja Oskar Seeman ning k\u00f5lab elav muusika pootsman Marko Matvere eestvedamisel.<\/p>\n<p>&#8220;See on \u00fcks suur armastuskiri merele, meres\u00f5idule ja k\u00f5igele, mis seondub merega. See r\u00e4\u00e4gib \u00fchest poisist, kelle nimi on Oskar ja kes armastab k\u00f5ike, mis merega on seotud ning tema emast, kellele see sugugi ei meeldi, ja kuidas nad siis omavahel hakkavad seda probleemi arutama,&#8221; \u00fctles ema osat\u00e4itja Saara N\u00fcganen.<\/p>\n<p>&#8220;Lennusadamas on ikka \u00e4ge, siin on nii palju ruumi, me m\u00e4ngime ka binokliga ja saab distantsi pealt reaalselt merem\u00e4rke otsida ja vaadata. Meremuuseumi inimesed on meid v\u00e4ga h\u00e4sti vastu v\u00f5tnud ja toitnud meis seda kirge,&#8221; \u00fctles Oskari osat\u00e4itja Oskar Seeman.<\/p>\n","protected":false},"excerpt":{"rendered":"Tallinna Lennusadamasse on end ajutiselt sisse seadnud suvelavastus &#8220;Noore merekaru esimene suurem seiklus,&#8221; mille lavastaja Tiit Palu t\u00f5i&hellip;\n","protected":false},"author":2,"featured_media":112665,"comment_status":"","ping_status":"","sticky":false,"template":"","format":"standard","meta":{"footnotes":"","_share_on_mastodon":"0"},"categories":[16],"tags":[37,33,35,173,34,36,140,53260,8995,271,53261],"class_list":["post-112664","post","type-post","status-publish","format-standard","has-post-thumbnail","category-meelelahutus","tag-ee","tag-eesti","tag-eesti-keel","tag-entertainment","tag-estonia","tag-estonian","tag-meelelahutus","tag-noore-merekaru-esimene-suurem-seiklus","tag-oskar-seeman","tag-saara-nuganen","tag-tallinna-lennusadam"],"share_on_mastodon":{"url":"https:\/\/pubeurope.com\/@ee\/116104082415925314","error":""},"_links":{"self":[{"href":"https:\/\/www.europesays.com\/ee\/wp-json\/wp\/v2\/posts\/112664","targetHints":{"allow":["GET"]}}],"collection":[{"href":"https:\/\/www.europesays.com\/ee\/wp-json\/wp\/v2\/posts"}],"about":[{"href":"https:\/\/www.europesays.com\/ee\/wp-json\/wp\/v2\/types\/post"}],"author":[{"embeddable":true,"href":"https:\/\/www.europesays.com\/ee\/wp-json\/wp\/v2\/users\/2"}],"replies":[{"embeddable":true,"href":"https:\/\/www.europesays.com\/ee\/wp-json\/wp\/v2\/comments?post=112664"}],"version-history":[{"count":0,"href":"https:\/\/www.europesays.com\/ee\/wp-json\/wp\/v2\/posts\/112664\/revisions"}],"wp:featuredmedia":[{"embeddable":true,"href":"https:\/\/www.europesays.com\/ee\/wp-json\/wp\/v2\/media\/112665"}],"wp:attachment":[{"href":"https:\/\/www.europesays.com\/ee\/wp-json\/wp\/v2\/media?parent=112664"}],"wp:term":[{"taxonomy":"category","embeddable":true,"href":"https:\/\/www.europesays.com\/ee\/wp-json\/wp\/v2\/categories?post=112664"},{"taxonomy":"post_tag","embeddable":true,"href":"https:\/\/www.europesays.com\/ee\/wp-json\/wp\/v2\/tags?post=112664"}],"curies":[{"name":"wp","href":"https:\/\/api.w.org\/{rel}","templated":true}]}}