{"id":112716,"date":"2026-02-20T18:46:20","date_gmt":"2026-02-20T18:46:20","guid":{"rendered":"https:\/\/www.europesays.com\/ee\/112716\/"},"modified":"2026-02-20T18:46:20","modified_gmt":"2026-02-20T18:46:20","slug":"ekspert-trumpi-iraanile-antud-tahtaega-ei-saa-tosiselt-votta","status":"publish","type":"post","link":"https:\/\/www.europesays.com\/ee\/112716\/","title":{"rendered":"Ekspert: Trumpi Iraanile antud t\u00e4htaega ei saa t\u00f5siselt v\u00f5tta"},"content":{"rendered":"<p class=\"p1\">Auchinclossi s\u00f5nul tuleb pigem v\u00f5tta t\u00f5siselt fakti, et USA on koondanud L\u00e4his-Ida piirkonda suurima s\u00f5jalise j\u00f5u p\u00e4rast 2003. aasta operatsiooni Iraagi Vabadus. Mitmesaja h\u00e4vitus- ja pommituslennuki ning ligi kahek\u00fcmne s\u00f5jalaeva kohalolek viitavad, et USA kavatseb anda Iraanile ulatusliku \u00f5hul\u00f6\u00f6gi, mille vastu on Iraanil end keeruline kaitsta, sest Iraan ei kontrolli oma taevast. <\/p>\n<p class=\"p1\">Seda n\u00e4itasid eelmisel aastal toimunud Iisraeli raketir\u00fcnnakud ja USA tuumaobjektide pommitamine, mille t\u00f5rjumisel kukkus Iraanil t\u00e4ielikult l\u00e4bi. <\/p>\n<p class=\"p1\">Samas m\u00e4rkis Auchincloss, et kohapeal kontrollib olukorda Iraan politsei ja revolutsiooniline kaardiv\u00e4gi. Hiljutised meeleavaldused suruti j\u00f5uliselt maha ja ulatuslikest protestidest polnud abi islamiriigi re\u017eiimi kukutamiseks. <\/p>\n<p class=\"p1\">Kui USA peaks taas keskenduma peamiselt tuumaobjektide h\u00e4vitamisele, ei pruugi see aitada re\u017eiimi kukutada, mis paistab seekord olevat Trumpi eesm\u00e4rk. <\/p>\n<p class=\"p1\">Auchinclossi s\u00f5nul ei arva ta, et uute \u00f5hur\u00fcnnakutega suudaks USA saavutada seesuguseid tulemusi, mis annaks iraanlastele kodaniku\u00f5igusi v\u00f5i taastaks internetivabaduse. Ta lisas, et on asju, mida Trump oleks pidanud tegema juba massimeeleavalduste ajal \u2013 minema protestijatele appi, nagu ta lubas \u2013, kuid seda ta ei teinud. Protestide k\u00e4igus tappis re\u017eiim tuhandeid iraanlasi. <\/p>\n<p class=\"p1\">Iraani r\u00fcndamise puhul on Auchinclossi s\u00f5nul oluline mitte ainult tuumaobjektide purustamine, vaid ka Iraani ballistiliste rakettide r\u00fcndev\u00f5imekuse h\u00e4vitamine. <\/p>\n<p class=\"p1\">\u201eNeed ballistilised raketid on Iisraelile ja Araabia riikidele suurem oht \u200b\u200bkui isegi nende tuumarelvaprogramm, sest kuigi enamik neist ballistilistest rakettidest tulistatakse alla Raudse Kupli ja piirkonna \u00f5hut\u00f5rjes\u00fcsteemide poolt, tekitavad need siiski m\u00e4rkimisv\u00e4\u00e4rset kahju,\u201c \u00fctles Auchincloss. <\/p>\n<p class=\"p1\">S\u00f5jaekspert t\u00f5i v\u00e4lja ka selle, et ilma kongressi loata oleks USA ulatuslik r\u00fcnnak ebaseaduslik. \u201eViimane reaalsus on see, et ajatolla [Iraani k\u00f5rgeim juht <a rel=\"noopener nofollow\" target=\"_blank\" href=\"https:\/\/www.delfi.ee\/teema\/56936524\/ali-khamenei\" tag-id=\"56936524\">Ali Khamenei<\/a>] on vana, haige ja isoleeritud. Ta sureb varsti. Seega oleks see <a rel=\"noopener nofollow\" target=\"_blank\" href=\"https:\/\/www.delfi.ee\/teema\/32758637\/donald-trump\" tag-id=\"32758637\">Donald Trumpile<\/a> ideaalne aeg k\u00e4ituda riigimehelikult, tulla kongressi ja k\u00fcsida v\u00e4ga kitsalt piiritletud volitust s\u00f5jalise j\u00f5u kasutamiseks, sest vastasel juhul oleksid \u00f5hur\u00fcnnakud ebaseaduslikud. Aga samuti paluda kongressil s\u00e4testada, mis v\u00f5imaldaks Iraanil p\u00e4rast ajatolla surma taas\u00fchineda L\u00e4his-Ida riikide kogukonnaga,\u201c lausus Auchincloss. <\/p>\n<p>Kuidas see lugu Sind end tundma pani? Saada <a href=\"https:\/\/www.delfi.ee\/artikkel\/120437662\/ekspert-trumpi-iraanile-antud-tahtaega-ei-saa-tosiselt-votta\/kommentaarid\" class=\"article-body-bottom__comment article-body-bottom__comment--write button button--primary button--size-auto\" rel=\"nofollow noopener\" target=\"_blank\"> Kommenteeri <\/a><a href=\"https:\/\/www.delfi.ee\/artikkel\/120437662\/ekspert-trumpi-iraanile-antud-tahtaega-ei-saa-tosiselt-votta\/kommentaarid\" class=\"article-body-bottom__comment article-body-bottom__comment--read button button--size-auto\" rel=\"nofollow noopener\" target=\"_blank\"> Loe kommentaare (18)<\/a><\/p>\n","protected":false},"excerpt":{"rendered":"Auchinclossi s\u00f5nul tuleb pigem v\u00f5tta t\u00f5siselt fakti, et USA on koondanud L\u00e4his-Ida piirkonda suurima s\u00f5jalise j\u00f5u p\u00e4rast 2003.&hellip;\n","protected":false},"author":2,"featured_media":112717,"comment_status":"","ping_status":"","sticky":false,"template":"","format":"standard","meta":{"footnotes":"","_share_on_mastodon":"0"},"categories":[5],"tags":[37105,26,27,324,37,33,35,34,36,31,32,21,39444,43906,40362,39922,53279,28,29,19,25,23,24,22,20,30],"class_list":["post-112716","post","type-post","status-publish","format-standard","has-post-thumbnail","category-uldised-uudised","tag-ali-khamenei","tag-breaking-news","tag-breakingnews","tag-donald-trump","tag-ee","tag-eesti","tag-eesti-keel","tag-estonia","tag-estonian","tag-featured-news","tag-featurednews","tag-headlines","tag-iraani-protestid","tag-iraani-reziim","tag-iraani-rundamine","tag-iraani-tuumaprogramm","tag-jacob-daniel-auchincloss","tag-latest-news","tag-latestnews","tag-news","tag-populaarseimad-lood","tag-top-stories","tag-topstories","tag-uldised-uudised","tag-uudised","tag-viimased-uudised"],"share_on_mastodon":{"url":"https:\/\/pubeurope.com\/@ee\/116104448074489485","error":""},"_links":{"self":[{"href":"https:\/\/www.europesays.com\/ee\/wp-json\/wp\/v2\/posts\/112716","targetHints":{"allow":["GET"]}}],"collection":[{"href":"https:\/\/www.europesays.com\/ee\/wp-json\/wp\/v2\/posts"}],"about":[{"href":"https:\/\/www.europesays.com\/ee\/wp-json\/wp\/v2\/types\/post"}],"author":[{"embeddable":true,"href":"https:\/\/www.europesays.com\/ee\/wp-json\/wp\/v2\/users\/2"}],"replies":[{"embeddable":true,"href":"https:\/\/www.europesays.com\/ee\/wp-json\/wp\/v2\/comments?post=112716"}],"version-history":[{"count":0,"href":"https:\/\/www.europesays.com\/ee\/wp-json\/wp\/v2\/posts\/112716\/revisions"}],"wp:featuredmedia":[{"embeddable":true,"href":"https:\/\/www.europesays.com\/ee\/wp-json\/wp\/v2\/media\/112717"}],"wp:attachment":[{"href":"https:\/\/www.europesays.com\/ee\/wp-json\/wp\/v2\/media?parent=112716"}],"wp:term":[{"taxonomy":"category","embeddable":true,"href":"https:\/\/www.europesays.com\/ee\/wp-json\/wp\/v2\/categories?post=112716"},{"taxonomy":"post_tag","embeddable":true,"href":"https:\/\/www.europesays.com\/ee\/wp-json\/wp\/v2\/tags?post=112716"}],"curies":[{"name":"wp","href":"https:\/\/api.w.org\/{rel}","templated":true}]}}