{"id":112816,"date":"2026-02-20T22:48:13","date_gmt":"2026-02-20T22:48:13","guid":{"rendered":"https:\/\/www.europesays.com\/ee\/112816\/"},"modified":"2026-02-20T22:48:13","modified_gmt":"2026-02-20T22:48:13","slug":"fotod-vallavanem-pidupaevakones-elame-ajal-mis-esitab-meile-koigile-rohkem-valjakutseid-kui-kunagi-varem-jarva-teataja","status":"publish","type":"post","link":"https:\/\/www.europesays.com\/ee\/112816\/","title":{"rendered":"FOTOD Vallavanem pidup\u00e4evak\u00f5nes: elame ajal, mis esitab meile k\u00f5igile rohkem v\u00e4ljakutseid kui kunagi varem &#8211; J\u00e4rva Teataja"},"content":{"rendered":"<ol>\n<li><a href=\"https:\/\/news.google.com\/rss\/articles\/CBMi3wFBVV95cUxPQV9sc1JfOXZTQk5DWGdBT3ppSmRTM1htVjhLTm81dnF3c2pKUFkzSWdOSjFMVDd4cG1Yb1NGNFhHVzdFWlZObnkxVkFCSUtaUmpkaEFENWlacjQ0U01UYklEeGNLVXdZTnpfUWgwX3ZyM2lXZVpsbkJQVGxiQ0w5NFVqLUxxRlM5SGFvY3JKVnpjck1hUXV3WDJHZVRiNVZyOEJrUXZyZHQxMFlSVWdUUjN2Z0ZXYVp1OHpkb1RLMnQ1ODdKeFppNTdHUnUzaGJDNlQ1czE2SjNyeFdydTFj?oc=5\" target=\"_blank\" rel=\"nofollow noopener\">FOTOD Vallavanem pidup\u00e4evak\u00f5nes: elame ajal, mis esitab meile k\u00f5igile rohkem v\u00e4ljakutseid kui kunagi varem<\/a>&nbsp;&nbsp;J\u00e4rva Teataja<\/li>\n<li><a href=\"https:\/\/news.google.com\/rss\/articles\/CBMimwFBVV95cUxPcnNvaWxjWDlJZHpQVkVtNTVDTGhkN3p1ZzN1WUdKVkIzaUg4Y2VfVGstM01XNGJSdVBXa0xnT0RoMEl4dmloTGRaY2gzcUxEVnVnZ1FsZXB0eExjMFdMZk9pQzRaWUtIZV9VSzhLZThmVEl1elBxSFRBSF9xOTFWd3VXTWtGUTRGN29zNlI4UnRELXpkU1FkZ3JpVQ?oc=5\" target=\"_blank\" rel=\"nofollow noopener\">FOTOD \u27e9 J\u00e4rva valla t\u00e4htsaim vastuv\u00f5tt toimus P\u00e4inurmes<\/a>&nbsp;&nbsp;J\u00e4rva Teataja<\/li>\n<li><a href=\"https:\/\/news.google.com\/rss\/articles\/CBMijgFBVV95cUxNOHJIRnJEYldaTHljaVQycHRZM3RSYmE0dGZvRFF0bHBrNnV1REd0N25CRjRUUFU2YjBmd01FNi1qSmdpSTdISmU5Y21SOTJkWlQyM2RwWkxiQktscGc3RzhOOU9qNlJmdnFQWkRQLW9CZHVhTHFraERRU3ZsWDBSVVh0MDJFUUEtRFMyNm9R?oc=5\" target=\"_blank\" rel=\"nofollow noopener\">Eesti s\u00fcnnip\u00e4eva saab L\u00e4\u00e4nemaal t\u00e4histada n\u00e4dal aega<\/a>&nbsp;&nbsp;L\u00e4\u00e4ne Elu<\/li>\n<li><a href=\"https:\/\/news.google.com\/rss\/articles\/CBMif0FVX3lxTE8ydFdUdmxlN0RQd21BRGMyekllRGdsMjh1Vk9mY0tLQWNkMmtvTkNXSmkzRS03dWZfaHlDS1pJRG5iaXhUbXJJWVRGckpQVDFRMEVDaW9JVnc3TDRCcEhLWjNoeEtJQ3pHMGFEY2tacUhHTjdHVWFEQzFIVGFrMEU?oc=5\" target=\"_blank\" rel=\"nofollow noopener\">Eesti riigi s\u00fcnnip\u00e4eva t\u00e4histamine Otep\u00e4\u00e4 vallas<\/a>&nbsp;&nbsp;L\u00f5unaeestlane<\/li>\n<li><a href=\"https:\/\/news.google.com\/rss\/articles\/CBMikwFBVV95cUxPN3NJcWFTUWJpTHZrLWhRcUFyMnZ5RXRuZURJUmdQN2lmeHJzYmtuSHluQzBpQmlRcVhPcHRlMkpFMUplQVV3SFN3TDFpRmlRdk82RWpFOGlkTEhhZ1hHQ1A1ZUc4U3h6R21kWW44d0V1dUI5T2tHNk5ORC02UklPLUEyb3hDYkhQVWZucXFXUVdCc0E?oc=5\" target=\"_blank\" rel=\"nofollow noopener\">GALERII \u27e9 Viljandi vald jagas s\u00e4deinimestele tunnustust<\/a>&nbsp;&nbsp;Postimees<\/li>\n<\/ol>\n","protected":false},"excerpt":{"rendered":"FOTOD Vallavanem pidup\u00e4evak\u00f5nes: elame ajal, mis esitab meile k\u00f5igile rohkem v\u00e4ljakutseid kui kunagi varem&nbsp;&nbsp;J\u00e4rva Teataja FOTOD \u27e9 J\u00e4rva&hellip;\n","protected":false},"author":2,"featured_media":112817,"comment_status":"","ping_status":"","sticky":false,"template":"","format":"standard","meta":{"footnotes":"","_share_on_mastodon":"0"},"categories":[5],"tags":[26,27,37,33,35,53319,34,36,31,32,21,28,29,19,25,5487,23,24,53318,13076,53323,53322,53321,53324,22,20,53320,30],"class_list":["post-112816","post","type-post","status-publish","format-standard","has-post-thumbnail","category-uldised-uudised","tag-breaking-news","tag-breakingnews","tag-ee","tag-eesti","tag-eesti-keel","tag-eesti-vabariigi-108-aastapaev","tag-estonia","tag-estonian","tag-featured-news","tag-featurednews","tag-headlines","tag-latest-news","tag-latestnews","tag-news","tag-populaarseimad-lood","tag-sulo-sarkinen","tag-top-stories","tag-topstories","tag-turi-kultuurikeskus","tag-turi-vald","tag-turi-valla-aasta-kula-2025","tag-turi-valla-aasta-tegija-2025","tag-turi-valla-aasta-tegu-2025","tag-turi-vallavanem","tag-uldised-uudised","tag-uudised","tag-vabariigi-aastapaeva-aktus","tag-viimased-uudised"],"share_on_mastodon":{"url":"","error":"Validation failed: Text character limit of 500 exceeded"},"_links":{"self":[{"href":"https:\/\/www.europesays.com\/ee\/wp-json\/wp\/v2\/posts\/112816","targetHints":{"allow":["GET"]}}],"collection":[{"href":"https:\/\/www.europesays.com\/ee\/wp-json\/wp\/v2\/posts"}],"about":[{"href":"https:\/\/www.europesays.com\/ee\/wp-json\/wp\/v2\/types\/post"}],"author":[{"embeddable":true,"href":"https:\/\/www.europesays.com\/ee\/wp-json\/wp\/v2\/users\/2"}],"replies":[{"embeddable":true,"href":"https:\/\/www.europesays.com\/ee\/wp-json\/wp\/v2\/comments?post=112816"}],"version-history":[{"count":0,"href":"https:\/\/www.europesays.com\/ee\/wp-json\/wp\/v2\/posts\/112816\/revisions"}],"wp:featuredmedia":[{"embeddable":true,"href":"https:\/\/www.europesays.com\/ee\/wp-json\/wp\/v2\/media\/112817"}],"wp:attachment":[{"href":"https:\/\/www.europesays.com\/ee\/wp-json\/wp\/v2\/media?parent=112816"}],"wp:term":[{"taxonomy":"category","embeddable":true,"href":"https:\/\/www.europesays.com\/ee\/wp-json\/wp\/v2\/categories?post=112816"},{"taxonomy":"post_tag","embeddable":true,"href":"https:\/\/www.europesays.com\/ee\/wp-json\/wp\/v2\/tags?post=112816"}],"curies":[{"name":"wp","href":"https:\/\/api.w.org\/{rel}","templated":true}]}}