{"id":112885,"date":"2026-02-21T02:02:13","date_gmt":"2026-02-21T02:02:13","guid":{"rendered":"https:\/\/www.europesays.com\/ee\/112885\/"},"modified":"2026-02-21T02:02:13","modified_gmt":"2026-02-21T02:02:13","slug":"olumpiamangud-2026-naiste-12-5-km-uhisstardiga-laskesuusatamise-taielik-juhend","status":"publish","type":"post","link":"https:\/\/www.europesays.com\/ee\/112885\/","title":{"rendered":"Ol\u00fcmpiam\u00e4ngud 2026: naiste 12.5 km \u00fchisstardiga laskesuusatamise t\u00e4ielik juhend"},"content":{"rendered":"<p>\u00dchisstardi poodiumikoha saavutamise otsustavad hetked on sageli viimasel paigalt laskmisel, kui n\u00e4rvid l\u00f6\u00f6vad ja p\u00f5lved on kummist. Ja kui sul \u00f5nnestub tabada k\u00f5iki viit m\u00e4rki, on vaja viimaseks ringiks j\u00f5udu.\u00a0<\/p>\n<p class=\"gt-block\">Laup\u00e4ev, 21. veebruar: Naiste 12.5 km \u00fchisstart (Lisateavet leiate aadressilt <a href=\"https:\/\/www.proxcskiing.com\/et\/s%C3%BCndmus\/ol%C3%BCmpiam%C3%A4ngud-2026-Antholtz-anterselva-12-5-km-massstart-naised-2\/\" target=\"_blank\" rel=\"noreferrer noopener nofollow\">SIIN<\/a>)<\/p>\n<ul class=\"wp-block-list\">\n<li>14:15 CET: 12.5 km \u00fchisstart, naised<\/li>\n<\/ul>\n<p class=\"gt-block\">Stardinimekirja leiab <a href=\"https:\/\/www.proxcskiing.com\/et\/s%C3%BCndmus\/ol%C3%BCmpiam%C3%A4ngud-2026-Antholtz-anterselva-12-5-km-massstart-naised-2\/\" target=\"_blank\" rel=\"noreferrer noopener nofollow\">SIIN<\/a><\/p>\n<p>LAUP\u00c4EVASE V\u00d5ISTLUSE KOHTA\u00a0<\/p>\n<p>\u00dchisstardis stardib samaaegselt 30 sportlast ja v\u00f5istleb naiste 12.5 km pikkusel distantsil. Lasketiirus on neli etappi: kaks esimest lamades ja kaks viimast p\u00fcsti. Iga m\u00f6\u00f6dalaskmise eest tuleb trahv 150 meetrit. V\u00f5itjaks on see sportlane, kes esimesena fini\u0161ijoone \u00fcletab.\u00a0<\/p>\n<p>Millised sportlased kvalifitseeruvad 30 kohale \u00fchisstardi v\u00f5istlusel, m\u00e4\u00e4ratakse varasemate m\u00e4ngude tulemuste ja IBU kehtestatud erigraafiku alusel.\u00a0<\/p>\n<p>Esimesel laskmisel lasevad sportlased m\u00e4rklauda oma stardinumbriga; j\u00e4rgmistel kordadel t\u00e4ituvad nad m\u00e4rklauast nr 1, mis on m\u00f5eldud esimesena lasketiiru sisenejale, kuni m\u00e4rklauani nr 30.\u00a0<\/p>\n<p class=\"gt-block\">Ol\u00fcmpiav\u00f5itjad \u2013 12.5 km \u00fchisstart\u00a0<\/p>\n<ul class=\"wp-block-list\">\n<li>2006 (Torino): Anna Carin Olofsson, Rootsi\u00a0<\/li>\n<li>2010 (Vancouver): Magdalena Neuner, Saksamaa\u00a0<\/li>\n<li>2014 (Sot\u0161i): Daria Domracheva, Valgevene\u00a0<\/li>\n<li>2018 (PyeongChang): Anastasia Kuzmina, Slovakkia\u00a0<\/li>\n<li>2022 (Peking): Justine Braisaz-Bouchet, Prantsusmaa\u00a0<\/li>\n<\/ul>\n<p class=\"gt-block\">Maailmameistrid \u2013 12.5 km \u00fchisstart\u00a0<\/p>\n<ul class=\"wp-block-list\">\n<li>1999: Olena Zubrilova, Ukraina\u00a0<\/li>\n<li>2000: Liv Grete Skjelbreid, Norra\u00a0<\/li>\n<li>2001: Magdalena Forsberg, Rootsi\u00a0<\/li>\n<li>2002: Olena Zubrilova, Ukraina\u00a0<\/li>\n<li>2003: Albina Ahhatova, Venemaa\u00a0<\/li>\n<li>2004: Liv Grete Poiree, Norra\u00a0<\/li>\n<li>2005: Gro Marti Istad Kristiansen, Norra\u00a0<\/li>\n<li>2007: Andea Henkel, Saksamaa\u00a0<\/li>\n<li>2008: Magdalena Neuner, Saksamaa\u00a0<\/li>\n<li>2009: Olga Zaitseva, Venemaa\u00a0<\/li>\n<li>2011: Magdalena Neuner, Saksamaa\u00a0<\/li>\n<li>2012: Tore Berger, Norra\u00a0<\/li>\n<li>2013: Daria Domracheva, Valgevene\u00a0<\/li>\n<li>2015: Valentyna Semerenko, Ukraina\u00a0<\/li>\n<li>2016: Marie Dorin Habert, Prantsusmaa\u00a0<\/li>\n<li>2017: Laura Dahlmeier, Saksamaa\u00a0<\/li>\n<li>2019: Dorothea Wierer, Itaalia\u00a0<\/li>\n<li>2020: Marte Olsbu R\u00f8iseland, Norra\u00a0<\/li>\n<li>2021: Lisa Therese Hauser, Austria\u00a0<\/li>\n<li>2023: Hanna \u00d6berg, Rootsi\u00a0<\/li>\n<li>2024: Justine Braisaz-Bouchet, Prantsusmaa\u00a0\u00a0<\/li>\n<li>2025: Elvira \u00d6berg, Rootsi\u00a0\u00a0\u00a0\u00a0\u00a0\u00a0\u00a0\u00a0\u00a0\u00a0\u00a0\u00a0\u00a0\u00a0\u00a0 \u00a0<\/li>\n<\/ul>\n<p>LEMMIKUD\u00a0<\/p>\n<p class=\"gt-block\">Lou Jeanmonnot, Prantsusmaa\u00a0<\/p>\n<p>Ta on praegu parim. J\u00e4lituss\u00f5idus on v\u00e4ike konarus, aga tal on medalid ja ta ei pea suurt survet tundma. Kiire ja kindel laskmine on tema firmam\u00e4rk ja \u00e4rge imestage, kui ta uuesti v\u00f5idab.\u00a0<\/p>\n<p class=\"gt-block\">Elvira \u00d6berg, Rootsi\u00a0<\/p>\n<p>Eelmisel aastal v\u00f5itis Lenzerheides toimunud maailmameistriv\u00f5istluste \u00fchisstardiga v\u00f5istluse. Paistab, et Elvira \u00d6berg pole Antholzis oma parimas suusavormis, kuigi j\u00e4lituss\u00f5idus oli tal parim aeg. Ka laskmine on olnud ebastabiilne. Kuid laskesuusatamises muutub see kiiresti ja teatev\u00f5istluse h\u00f5bemedal oli see, mida ta vajas.\u00a0<\/p>\n<p class=\"gt-block\">Lisa Vittozzi, Itaalia\u00a0<\/p>\n<p>Suur kangelane, kui ta kuldmedali v\u00f5itis. Vittozzi on ilmselt k\u00f5igist suusarajal kiireim. Ta pole k\u00fcll kiireim suusataja, aga kodupublik toetab teda ja tavaliselt v\u00f5itleb ta tippkohtade eest.\u00a0<\/p>\n<p>V\u00c4LISSEISJAD\u00a0<\/p>\n<p class=\"gt-block\">Hanna \u00d6berg, Rootsi\u00a0<\/p>\n<p>Eelmisel aastal oli ta maailmameistriv\u00f5istluste \u00fchisstardiv\u00f5istlusel viimane, kui tema \u00f5de v\u00f5itis. See oli katastroof. Aga viimase n\u00e4dala jooksul on ta parem olnud ja Hanna kindlustas Rootsi teateujumises h\u00f5bemedali t\u00e4nu tugevale sooritusele viimasel etapil. Tal on kogemusi, aga ta peab laskma puhtalt v\u00f5i peaaegu puhtalt.\u00a0<\/p>\n<p class=\"gt-block\">Maren Hjelmeset Kirkeeide, Norra\u00a0<\/p>\n<p>Fantastiline ol\u00fcmpia 22-aastasele norralannale. Ja just selles v\u00f5istluses murdis ta eelmise aasta maailmameistriv\u00f5istlustel l\u00e4bi pronksmedaliga. Aga ta on n\u00e4idanud, et tema paigalt laskmine v\u00f5ib olla pisut k\u00f5ikuv. Ta peab end kokku v\u00f5tma, kui tahab veel \u00fchte medalit v\u00f5ita.\u00a0<\/p>\n<p class=\"gt-block\">Justine Braisaz-Bouchet, Prantsusmaa\u00a0<\/p>\n<p>Ol\u00fcmpia- ja maailmameister \u00fchisstardiga suusatamises. Suusatamiskiirusega, millega v\u00e4hesed suudavad sammu pidada. Kuid sel talvel pole ta laskmises hea olnud ja ta j\u00e4eti teatejooksu v\u00f5itnud Prantsusmaa v\u00f5istkonnast v\u00e4lja. Tipus v\u00f5i mitte? Raske \u00f6elda.\u00a0<\/p>\n<p class=\"gt-block\">Julia Simon, Prantsusmaa\u00a0<\/p>\n<p>Tal olid k\u00f5huprobleemid ja ta ei startinud j\u00e4lituss\u00f5idus. Aga teatejooksus oli tema esimene etapp tipptasemel. Laskmine oli suurep\u00e4rane ja ta ei olnud kulla p\u00e4rast ohus; ta on absoluutselt v\u00f5idukandidaat.\u00a0<\/p>\n<p class=\"gt-block\">Oceane Michelon, Prantsusmaa\u00a0<\/p>\n<p>Prantsuse naistev\u00f5istkonna noor sportlane avaldas Antholzis muljet. Ta v\u00f5itis teatejooksus oma esimese kulla ja sprindis h\u00f5bemedal kaotas talle napilt. K\u00f5igil v\u00f5istlusel osalevatel Prantsuse naistel on medalipotentsiaali.\u00a0<\/p>\n<p class=\"gt-block\">Suvi Minkkinen, Soome\u00a0<\/p>\n<p>Mitte k\u00fcll kiireim suusataja, aga \u00fcks parimaid lasketiirus. Soome staaril on n\u00fc\u00fcd medal ja osa survest on kadunud. \u00dchisstardi formaat sobib talle h\u00e4sti, kui ta saab teiste sportlastega sammu pidada.\u00a0\u00a0<\/p>\n<p class=\"gt-block\">Stardinimekirja leiad <a href=\"https:\/\/www.proxcskiing.com\/et\/s%C3%BCndmus\/ol%C3%BCmpiam%C3%A4ngud-2026-Antholtz-anterselva-12-5-km-massstart-naised-2\/\" target=\"_blank\" rel=\"noreferrer noopener nofollow\">SIIN<\/a>\u00a0<\/p>\n<p>\u00a0Laskesuusatamise ajakava \u2013 Milano-Cortina 2026<\/p>\n<p class=\"gt-block\">P\u00fchap\u00e4ev, 8. veebruar: Segateatev\u00f5istlus (M+N) (Lisateavet leiate aadressilt <a href=\"https:\/\/www.proxcskiing.com\/et\/s%C3%BCndmus\/2026.-aasta-ol%C3%BCmpiam%C3%A4ngud--Antholtz--Anterselva--segateatev%C3%B5istlus--maailmameistriv%C3%B5istlused\/\" target=\"_blank\" rel=\"noreferrer noopener nofollow\">SIIN<\/a>)<\/p>\n<ul class=\"wp-block-list\">\n<li>14:05 CET: Segateatev\u00f5istlus, mehed + naised<\/li>\n<\/ul>\n<p class=\"gt-block\">Teisip\u00e4ev, 10. veebruar: Meeste 20 km individuaalv\u00f5istlus (Lisateavet leiate aadressilt <a href=\"https:\/\/www.proxcskiing.com\/et\/s%C3%BCndmus\/ol%C3%BCmpiam%C3%A4ngud-2026-antholtz-anterselva-20-km-mehed\/\" target=\"_blank\" rel=\"noreferrer noopener nofollow\">SIIN<\/a>)<\/p>\n<ul class=\"wp-block-list\">\n<li>13:30 CET: 20 km individuaals\u00f5it, mehed<\/li>\n<\/ul>\n<p class=\"gt-block\">Kolmap\u00e4ev, 11. veebruar: Naiste 15 km individuaalv\u00f5istlus (Lisateavet leiate aadressilt <a href=\"https:\/\/www.proxcskiing.com\/et\/s%C3%BCndmus\/ol%C3%BCmpiam%C3%A4ngud-2026-antholtz-anterselva-15-km-naised\/\" target=\"_blank\" rel=\"noreferrer noopener nofollow\">SIIN<\/a>)<\/p>\n<ul class=\"wp-block-list\">\n<li>14:15 CET: 15 km individuaalv\u00f5istlus, naised<\/li>\n<\/ul>\n<p class=\"gt-block\">Reede, 13. veebruar: Meeste 10 km sprint (Lisateavet leiate aadressilt <a href=\"https:\/\/www.proxcskiing.com\/et\/s%C3%BCndmus\/ol%C3%BCmpiam%C3%A4ngud-2026-Antholtz-anterselva-10-km-sprint-mehed\/\" target=\"_blank\" rel=\"noreferrer noopener nofollow\">SIIN<\/a>)<\/p>\n<ul class=\"wp-block-list\">\n<li>14:00 CET: 10 km sprint, mehed<\/li>\n<\/ul>\n<p class=\"gt-block\">Laup\u00e4ev, 14. veebruar: Naiste 7.5 km sprint (Lisateavet leiate aadressilt <a href=\"https:\/\/www.proxcskiing.com\/et\/s%C3%BCndmus\/ol%C3%BCmpiam%C3%A4ngud-2026-antholtz-anterselva-7-5-km-sprint-naised\/\" target=\"_blank\" rel=\"noreferrer noopener nofollow\">SIIN<\/a>)<\/p>\n<ul class=\"wp-block-list\">\n<li>14:45 CET: 7.5 km sprint, naised<\/li>\n<\/ul>\n<p class=\"gt-block\">P\u00fchap\u00e4ev, 15. veebruar: meeste 12.5 km j\u00e4lituss\u00f5it ja naiste 10 km j\u00e4lituss\u00f5it (lisateavet leiate aadressilt <a href=\"https:\/\/www.proxcskiing.com\/et\/s%C3%BCndmus\/ol%C3%BCmpiam%C3%A4ngud-2026-Antholtz-Anterselva-10-12-5-km-j%C3%A4lituss%C3%B5it\/\" target=\"_blank\" rel=\"noreferrer noopener nofollow\">SIIN<\/a>)<\/p>\n<ul class=\"wp-block-list\">\n<li>11:15 CET: 12.5 km j\u00e4lituss\u00f5it, mehed<\/li>\n<li>14:45 CET: 10 km j\u00e4lituss\u00f5it, naised<\/li>\n<\/ul>\n<p class=\"gt-block\">Teisip\u00e4ev, 17. veebruar: Meeste 4\u00d77.5 km teatejooks (Lisateavet leiate aadressilt <a href=\"https:\/\/www.proxcskiing.com\/et\/s%C3%BCndmus\/ol%C3%BCmpiam%C3%A4ngud-2026-antholtz-anterselva-4x7-5-km-teatejooks-mehed\/\" target=\"_blank\" rel=\"noreferrer noopener nofollow\">SIIN<\/a>)<\/p>\n<ul class=\"wp-block-list\">\n<li>14:30 CET: 4\u00d77.5 km teatejooks, mehed<\/li>\n<\/ul>\n<p class=\"gt-block\">Kolmap\u00e4ev, 18. veebruar: Naiste 4&#215;6 km teatejooks (Lisateavet leiate aadressilt <a href=\"https:\/\/www.proxcskiing.com\/et\/s%C3%BCndmus\/2026.-aasta-ol%C3%BCmpiam%C3%A4ngud-Antholtz-Anterselva-4x6-km-teatejooks-naised\/\" target=\"_blank\" rel=\"noreferrer noopener nofollow\">SIIN<\/a>)<\/p>\n<ul class=\"wp-block-list\">\n<li>14:45 CET: 4&#215;6 km teatejooks, naised<\/li>\n<\/ul>\n<p class=\"gt-block\">Reede, 20. veebruar: Meeste 15 km \u00fchisstart (Lisateavet leiate aadressilt <a href=\"https:\/\/www.proxcskiing.com\/et\/s%C3%BCndmus\/ol%C3%BCmpiam%C3%A4ngud-2026-antholtz-anterselva-15-km-masstart-mehed\/\" target=\"_blank\" rel=\"noreferrer noopener nofollow\">SIIN<\/a>)<\/p>\n<ul class=\"wp-block-list\">\n<li>14:15 CET: 15 km \u00fchisstart, mehed<\/li>\n<\/ul>\n<p class=\"gt-block\">Laup\u00e4ev, 21. veebruar: Naiste 12.5 km \u00fchisstart (Lisateavet leiate aadressilt <a href=\"https:\/\/www.proxcskiing.com\/et\/s%C3%BCndmus\/ol%C3%BCmpiam%C3%A4ngud-2026-Antholtz-anterselva-12-5-km-massstart-naised-2\/\" target=\"_blank\" rel=\"noreferrer noopener nofollow\">SIIN<\/a>)<\/p>\n<ul class=\"wp-block-list\">\n<li>14:15 CET: 12.5 km \u00fchisstart, naised<\/li>\n<\/ul>\n<p class=\"gt-block\">Taliol\u00fcmpiam\u00e4ngude t\u00e4ieliku programmi leiab\u00a0<a href=\"https:\/\/milanocortina2026.olympics.com\/en\/competition-schedule\" target=\"_blank\" rel=\"noreferrer noopener nofollow\">SIIN<\/a><\/p>\n<p>Antholz-Anterselva pakub sportlastele hingematvaid radu ja f\u00e4nnidele suurejoonelist vaatem\u00e4ngu. Iga l\u00f6\u00f6k ja suusasamm loetakse ning laskesuusatajad sihivad igas v\u00f5istluses poodiumikohta, muutes laskesuusatamise 2026. aasta taliol\u00fcmpiam\u00e4ngude \u00fcheks enim vaadatud s\u00fcndmuseks.<\/p>\n<p class=\"gt-block\">Kas olete huvitatud laskesuusatamisest? Kl\u00f5psake <a href=\"https:\/\/www.proxcskiing.com\/et\/kategooria\/laskesuusatamine\/\" target=\"_blank\" rel=\"noreferrer noopener nofollow\">SIIN<\/a> ja loe selle kohta l\u00e4hemalt.<\/p>\n<p>ProXCskiing.com liikmena saate t\u00e4ieliku juurdep\u00e4\u00e4su kogu saidi sisule. Samuti otse\u00fclekanded Ski Classics \u00fcritused on saadaval ingliskeelsete kommentaaridega.<\/p>\n<p>Kui sinust saab osa \u00fchest maailma juhtivast murdmaasuusatamise kogukonnast, saad aastaringselt palju eksklusiivseid pakkumisi.<\/p>\n<p><a href=\"https:\/\/proxcskiing.com\/profile\/\" target=\"_blank\" rel=\"noreferrer noopener nofollow\"><img loading=\"lazy\" decoding=\"async\" width=\"1024\" height=\"313\" src=\"https:\/\/www.europesays.com\/ee\/wp-content\/uploads\/2025\/12\/Pro-XC-Skiing_WinterBanner_2024_980x300_EN-1024x313.png\" alt=\"Banner 2024\" class=\"wp-image-77122\"  \/><\/a><\/p>\n<p class=\"gt-block has-text-align-center\"><a href=\"https:\/\/proxcskiing.com\/profile\/\" target=\"_blank\" rel=\"noreferrer noopener nofollow\">REGISTREERU SIIN LIIKMEKS<\/a><\/p>\n","protected":false},"excerpt":{"rendered":"\u00dchisstardi poodiumikoha saavutamise otsustavad hetked on sageli viimasel paigalt laskmisel, kui n\u00e4rvid l\u00f6\u00f6vad ja p\u00f5lved on kummist. Ja&hellip;\n","protected":false},"author":2,"featured_media":112886,"comment_status":"","ping_status":"","sticky":false,"template":"","format":"standard","meta":{"footnotes":"","_share_on_mastodon":"0"},"categories":[18],"tags":[53336,37,33,35,34,36,2998,45431,1530,35584,159,158],"class_list":["post-112885","post","type-post","status-publish","format-standard","has-post-thumbnail","category-sport","tag-12-5km","tag-ee","tag-eesti","tag-eesti-keel","tag-estonia","tag-estonian","tag-laskesuusatamine","tag-massstarti","tag-olumpiamangud","tag-proxcskimine","tag-sport","tag-sports"],"share_on_mastodon":{"url":"https:\/\/pubeurope.com\/@ee\/116106162506030301","error":""},"_links":{"self":[{"href":"https:\/\/www.europesays.com\/ee\/wp-json\/wp\/v2\/posts\/112885","targetHints":{"allow":["GET"]}}],"collection":[{"href":"https:\/\/www.europesays.com\/ee\/wp-json\/wp\/v2\/posts"}],"about":[{"href":"https:\/\/www.europesays.com\/ee\/wp-json\/wp\/v2\/types\/post"}],"author":[{"embeddable":true,"href":"https:\/\/www.europesays.com\/ee\/wp-json\/wp\/v2\/users\/2"}],"replies":[{"embeddable":true,"href":"https:\/\/www.europesays.com\/ee\/wp-json\/wp\/v2\/comments?post=112885"}],"version-history":[{"count":0,"href":"https:\/\/www.europesays.com\/ee\/wp-json\/wp\/v2\/posts\/112885\/revisions"}],"wp:featuredmedia":[{"embeddable":true,"href":"https:\/\/www.europesays.com\/ee\/wp-json\/wp\/v2\/media\/112886"}],"wp:attachment":[{"href":"https:\/\/www.europesays.com\/ee\/wp-json\/wp\/v2\/media?parent=112885"}],"wp:term":[{"taxonomy":"category","embeddable":true,"href":"https:\/\/www.europesays.com\/ee\/wp-json\/wp\/v2\/categories?post=112885"},{"taxonomy":"post_tag","embeddable":true,"href":"https:\/\/www.europesays.com\/ee\/wp-json\/wp\/v2\/tags?post=112885"}],"curies":[{"name":"wp","href":"https:\/\/api.w.org\/{rel}","templated":true}]}}