{"id":112888,"date":"2026-02-21T02:38:14","date_gmt":"2026-02-21T02:38:14","guid":{"rendered":"https:\/\/www.europesays.com\/ee\/112888\/"},"modified":"2026-02-21T02:38:14","modified_gmt":"2026-02-21T02:38:14","slug":"valmib-ulo-soosteri-malestusmark-aga-milline","status":"publish","type":"post","link":"https:\/\/www.europesays.com\/ee\/112888\/","title":{"rendered":"Valmib \u00dclo Soosteri m\u00e4lestusm\u00e4rk. Aga milline?"},"content":{"rendered":"<p class=\"Standard\">V\u00f5istlust\u00f6\u00f6de esitamise t\u00e4htaeg on 16. m\u00e4rts ning auhinnaline esikolmik koos v\u00f5itjaga kuulutatakse v\u00e4lja hiljemalt aprilli keskpaigaks. \u00dclo Sooster (1924\u20131970) oli 20. sajandi teise poole Eesti ja Ida-Euroopa kunsti \u00fcks olulisemaid uuendajaid ja juhtfiguure, kelle keeruline elutee viis ta s\u00fcnnipaigast Hiiumaalt kaugele, esmalt Karaganda vangilaagrisse ja hiljem Moskvasse.<\/p>\n","protected":false},"excerpt":{"rendered":"V\u00f5istlust\u00f6\u00f6de esitamise t\u00e4htaeg on 16. m\u00e4rts ning auhinnaline esikolmik koos v\u00f5itjaga kuulutatakse v\u00e4lja hiljemalt aprilli keskpaigaks. \u00dclo Sooster&hellip;\n","protected":false},"author":2,"featured_media":112889,"comment_status":"","ping_status":"","sticky":false,"template":"","format":"standard","meta":{"footnotes":"","_share_on_mastodon":"0"},"categories":[12],"tags":[26,27,37,33,35,53342,34,36,31,32,21,3218,6303,53340,28,29,16866,16949,19,25,53341,23,24,22,12689,20,30],"class_list":["post-112888","post","type-post","status-publish","format-standard","has-post-thumbnail","category-eesti","tag-breaking-news","tag-breakingnews","tag-ee","tag-eesti","tag-eesti-keel","tag-eha-komissarov","tag-estonia","tag-estonian","tag-featured-news","tag-featurednews","tag-headlines","tag-hiiumaa","tag-kardla","tag-konkurs","tag-latest-news","tag-latestnews","tag-liisa-kaljula","tag-malestusmark","tag-news","tag-populaarseimad-lood","tag-tenno-pent-sooster","tag-top-stories","tag-topstories","tag-uldised-uudised","tag-ulo-sooster","tag-uudised","tag-viimased-uudised"],"share_on_mastodon":{"url":"https:\/\/pubeurope.com\/@ee\/116106304076071634","error":""},"_links":{"self":[{"href":"https:\/\/www.europesays.com\/ee\/wp-json\/wp\/v2\/posts\/112888","targetHints":{"allow":["GET"]}}],"collection":[{"href":"https:\/\/www.europesays.com\/ee\/wp-json\/wp\/v2\/posts"}],"about":[{"href":"https:\/\/www.europesays.com\/ee\/wp-json\/wp\/v2\/types\/post"}],"author":[{"embeddable":true,"href":"https:\/\/www.europesays.com\/ee\/wp-json\/wp\/v2\/users\/2"}],"replies":[{"embeddable":true,"href":"https:\/\/www.europesays.com\/ee\/wp-json\/wp\/v2\/comments?post=112888"}],"version-history":[{"count":0,"href":"https:\/\/www.europesays.com\/ee\/wp-json\/wp\/v2\/posts\/112888\/revisions"}],"wp:featuredmedia":[{"embeddable":true,"href":"https:\/\/www.europesays.com\/ee\/wp-json\/wp\/v2\/media\/112889"}],"wp:attachment":[{"href":"https:\/\/www.europesays.com\/ee\/wp-json\/wp\/v2\/media?parent=112888"}],"wp:term":[{"taxonomy":"category","embeddable":true,"href":"https:\/\/www.europesays.com\/ee\/wp-json\/wp\/v2\/categories?post=112888"},{"taxonomy":"post_tag","embeddable":true,"href":"https:\/\/www.europesays.com\/ee\/wp-json\/wp\/v2\/tags?post=112888"}],"curies":[{"name":"wp","href":"https:\/\/api.w.org\/{rel}","templated":true}]}}