{"id":113002,"date":"2026-02-21T08:19:07","date_gmt":"2026-02-21T08:19:07","guid":{"rendered":"https:\/\/www.europesays.com\/ee\/113002\/"},"modified":"2026-02-21T08:19:07","modified_gmt":"2026-02-21T08:19:07","slug":"rainer-saks-%e2%9f%a9-ukraina-tabas-venemaal-raketitehast-ning-on-hakanud-edenema-rindel-postimees","status":"publish","type":"post","link":"https:\/\/www.europesays.com\/ee\/113002\/","title":{"rendered":"RAINER SAKS \u27e9 Ukraina tabas Venemaal raketitehast ning on hakanud edenema rindel &#8211; Postimees"},"content":{"rendered":"<ol>\n<li><a href=\"https:\/\/news.google.com\/rss\/articles\/CBMitgFBVV95cUxPbkZ2b0phSEZPN3NqTUV2NWtlT2t6em5ZUGpqRWlPdXZtaG5nODV6TUdaXy1YeUs0eTVOX2NEckRFejRiakxkcU0yRURkUVp5a196THJDRWFHMDRKa0ZId2ZiR0hEcnpqRFpGWm5qWFVIUkhxZFg0ckhMYUQ5Y0hFU3JNWWx4TTRTN29udnRCZ0xLOHRBOGh5WnkySXpLRlA2UG00NUU1UTVtX0l0NV9kTjFXMTRIZw?oc=5\" target=\"_blank\" rel=\"nofollow noopener\">RAINER SAKS \u27e9 Ukraina tabas Venemaal raketitehast ning on hakanud edenema rindel<\/a>&nbsp;&nbsp;Postimees<\/li>\n<li><a href=\"https:\/\/news.google.com\/rss\/articles\/CBMilwFBVV95cUxNRF9BYWFFcUVRWHpvQnlkRzNhd2U4bm81dXQ3TXJjcXh5anAtNlRWM284Z3Y5TkhWdmVkSEdYY01uaWppM1ZwRW1DV2ROeE1PRnpIZnJ1Z09NWWJIeXhNQ19JOXVuRWVDMmdibzYyZTA4RncwcXdIWldocFV6QUhCTE5SREZfdkNJRWJPS0p0MUdRZDNyNXpn?oc=5\" target=\"_blank\" rel=\"nofollow noopener\">Ukraina tabas Venemaa s\u00fcgavuses ballistiliste rakettide tehast<\/a>&nbsp;&nbsp;ERR<\/li>\n<li><a href=\"https:\/\/news.google.com\/rss\/articles\/CBMingFBVV95cUxNWVlsRzJLUHVseFZ2Y3ZnRmo2VlgyMUVTbjZ0UFdEbTFnR2k4NHRueDRsVlltLU01dTJzN0JlSDk4THh3bHQ4Y0prdmR5OExqb25lZWlWTE93bHRCNXF1MEtPTktXU2RhQjdQd3k3RWlkb0N6SlZLbEgtV0huTkcyZkxSU3JtaGJqcUlhMndHdjVvd1VXMnd0N1I4bnA5UQ?oc=5\" target=\"_blank\" rel=\"nofollow noopener\">S\u00f5ja 1454. p\u00e4ev: Ukraina r\u00fcndas Brjanski ja Belgorodi energiarajatisi<\/a>&nbsp;&nbsp;ERR<\/li>\n<li><a href=\"https:\/\/news.google.com\/rss\/articles\/CBMihgFBVV95cUxOUXFPZnhTMmU0TlBVRmhKRlVVR05EZkVvdFByUEdrNHg3QTdjb3lNM3NiQTM0cVNjZEJRSVl3M09oSFB2Wk0zWXByMDVpM2JIVDNTek1CR0hCNWFUNE5pd01adkhDdlUwWXZMdTM2dGZqRERYUGNvRDlYODJUeG5jMlg3Z2MtZw?oc=5\" target=\"_blank\" rel=\"nofollow noopener\">S\u00f5ja \u00fclevaade: 1459. p\u00e4ev \u2013 venemaal r\u00fcnnati raketitehast<\/a>&nbsp;&nbsp;L\u00f5unaeestlane<\/li>\n<li><a href=\"https:\/\/news.google.com\/rss\/articles\/CBMifEFVX3lxTFA0dmE4VzRCNDJoWEpFbGUxV2tJcFNDRGtLemdiZmRySUpjcmpYdHp6RWxKS1VkUzRmLVhzTVM3MDNmMmh2MWw1cnFCM3RVc3R5NWRaU3E3a1JiRlV3dWJTbjVZMS1LVFhJTGJvS1hrNzBVWlBKMHZQU1RFekE?oc=5\" target=\"_blank\" rel=\"nofollow noopener\">Ukraina linn langes ulatusliku r\u00fcnnaku alla<\/a>&nbsp;&nbsp;eestinen<\/li>\n<\/ol>\n","protected":false},"excerpt":{"rendered":"RAINER SAKS \u27e9 Ukraina tabas Venemaal raketitehast ning on hakanud edenema rindel&nbsp;&nbsp;Postimees Ukraina tabas Venemaa s\u00fcgavuses ballistiliste rakettide&hellip;\n","protected":false},"author":2,"featured_media":113003,"comment_status":"","ping_status":"","sticky":false,"template":"","format":"standard","meta":{"footnotes":"","_share_on_mastodon":"0"},"categories":[80],"tags":[26,27,37,33,35,34,36,31,32,21,25885,28,29,95,19,3254,2803,25,7549,53395,23,24,262,22,20,96,30,92,93,94,1839],"class_list":["post-113002","post","type-post","status-publish","format-standard","has-post-thumbnail","category-maailm","tag-breaking-news","tag-breakingnews","tag-ee","tag-eesti","tag-eesti-keel","tag-estonia","tag-estonian","tag-featured-news","tag-featurednews","tag-headlines","tag-iskander","tag-latest-news","tag-latestnews","tag-maailm","tag-news","tag-odessa","tag-ohutorje","tag-populaarseimad-lood","tag-raketid","tag-runded","tag-top-stories","tag-topstories","tag-ukraina","tag-uldised-uudised","tag-uudised","tag-venemaa","tag-viimased-uudised","tag-world","tag-world-news","tag-worldnews","tag-zaporizzja"],"share_on_mastodon":{"url":"https:\/\/pubeurope.com\/@ee\/116107645147026088","error":""},"_links":{"self":[{"href":"https:\/\/www.europesays.com\/ee\/wp-json\/wp\/v2\/posts\/113002","targetHints":{"allow":["GET"]}}],"collection":[{"href":"https:\/\/www.europesays.com\/ee\/wp-json\/wp\/v2\/posts"}],"about":[{"href":"https:\/\/www.europesays.com\/ee\/wp-json\/wp\/v2\/types\/post"}],"author":[{"embeddable":true,"href":"https:\/\/www.europesays.com\/ee\/wp-json\/wp\/v2\/users\/2"}],"replies":[{"embeddable":true,"href":"https:\/\/www.europesays.com\/ee\/wp-json\/wp\/v2\/comments?post=113002"}],"version-history":[{"count":0,"href":"https:\/\/www.europesays.com\/ee\/wp-json\/wp\/v2\/posts\/113002\/revisions"}],"wp:featuredmedia":[{"embeddable":true,"href":"https:\/\/www.europesays.com\/ee\/wp-json\/wp\/v2\/media\/113003"}],"wp:attachment":[{"href":"https:\/\/www.europesays.com\/ee\/wp-json\/wp\/v2\/media?parent=113002"}],"wp:term":[{"taxonomy":"category","embeddable":true,"href":"https:\/\/www.europesays.com\/ee\/wp-json\/wp\/v2\/categories?post=113002"},{"taxonomy":"post_tag","embeddable":true,"href":"https:\/\/www.europesays.com\/ee\/wp-json\/wp\/v2\/tags?post=113002"}],"curies":[{"name":"wp","href":"https:\/\/api.w.org\/{rel}","templated":true}]}}