{"id":113024,"date":"2026-02-21T09:12:18","date_gmt":"2026-02-21T09:12:18","guid":{"rendered":"https:\/\/www.europesays.com\/ee\/113024\/"},"modified":"2026-02-21T09:12:18","modified_gmt":"2026-02-21T09:12:18","slug":"norra-voitis-milano-cortinas-2026-aastal-15-km-uhisstardiga-distantsil-kulda-ja-hobedat","status":"publish","type":"post","link":"https:\/\/www.europesays.com\/ee\/113024\/","title":{"rendered":"Norra v\u00f5itis Milano-Cortinas 2026. aastal 15 km \u00fchisstardiga distantsil kulda ja h\u00f5bedat"},"content":{"rendered":"<p>P\u00e4rast head sooritust radadel ja lasketiirus v\u00f5itis norralane Johannes Dale-Skjevdal Itaalias ol\u00fcmpia 15 km \u00fchisstardiga distantsil kulla.<\/p>\n<p>Norralane Dale-Skjevdal peatas kella puhtalt visates ajaga 39:17.1 ja v\u00f5itis kuldmedali.<\/p>\n<p>Norrast p\u00e4rit Sturla Holm L\u00e6greid l\u00f5petas teisena ja kindlustas endale h\u00f5bemedali, j\u00e4\u00e4des v\u00f5itjast 10.5 sekundit maha ja \u00fche m\u00f6\u00f6dalasuga. Prantslane Quentin Fillon Maillet l\u00f5petas poodiumil kolmandal kohal, j\u00e4\u00e4des v\u00f5itjast 25.6 sekundit maha, tabades neli m\u00f6\u00f6dalasku, ja v\u00f5itis pronksmedali.<\/p>\n<p>Esiviisiku l\u00f5petasid sakslane Philipp Horn ja norralane Vetle Sjaastad Christiansen, kes l\u00f5petasid vastavalt neljanda ja viiendana.<\/p>\n<p class=\"gt-block\">Samuti loe &#8211; <a href=\"https:\/\/www.proxcskiing.com\/et\/laskesuusatamine\/2026.-aasta-ol%C3%BCmpiam%C3%A4ngude-t%C3%A4ielik-laskesuusatamise-juhend-meeste-15-km-massistardiga-distantsi-kohta\/\" target=\"_blank\" rel=\"noreferrer noopener nofollow\">Ol\u00fcmpiam\u00e4ngud 2026: meeste 15 km \u00fchisstardiga laskesuusatamise t\u00e4ielik juhend<\/a><\/p>\n<p>Meeste \u00fchisstart, 15 km, 5 paremat<\/p>\n<ol start=\"1\" class=\"wp-block-list\">\n<li>Johannes Dale-Skjevdal (NOR), (0-0-0-0), 39:17.1<\/li>\n<li>Sturla Holm L\u00e6greid (NOR), (0-0-1-0), +10.5<\/li>\n<li>Quentin Fillon Maillet (FRA), (1-0-2-1), +25.6<\/li>\n<li>Philipp Horn (GER), (0-0-0-1), +35.5<\/li>\n<li>Vetle Sjaastad Christiansen (NOR), (0-0-2-1), +1:48.1<\/li>\n<\/ol>\n<p class=\"gt-block\">T\u00e4ielikud tulemused leiate <a href=\"https:\/\/www.proxcskiing.com\/et\/s%C3%BCndmus\/ol%C3%BCmpiam%C3%A4ngud-2026-antholtz-anterselva-15-km-masstart-mehed\/\" target=\"_blank\" rel=\"noreferrer noopener nofollow\">SIIN<\/a><\/p>\n<p class=\"gt-block\">Loe rohkem &#8211;<a href=\"https:\/\/www.proxcskiing.com\/et\/laskesuusatamine\/2026.-aasta-Milano-Cortina-taliol%C3%BCmpiam%C3%A4ngude-laskesuusatamise-programm\/\" target=\"_blank\" rel=\"noreferrer noopener nofollow\"> 2026. aasta Milano-Cortina taliol\u00fcmpiam\u00e4ngude laskesuusatamise programm<\/a><\/p>\n<p>Laskesuusatamise ajakava \u2013 Milano-Cortina 2026<\/p>\n<p class=\"gt-block\">P\u00fchap\u00e4ev, 8. veebruar: Segateatev\u00f5istlus (M+N) (Lisateavet leiate aadressilt <a href=\"https:\/\/www.proxcskiing.com\/et\/s%C3%BCndmus\/2026.-aasta-ol%C3%BCmpiam%C3%A4ngud--Antholtz--Anterselva--segateatev%C3%B5istlus--maailmameistriv%C3%B5istlused\/\" target=\"_blank\" rel=\"noreferrer noopener nofollow\">SIIN<\/a>)<\/p>\n<ul class=\"wp-block-list\">\n<li>14:05 CET: Segateatev\u00f5istlus, mehed + naised<\/li>\n<\/ul>\n<p class=\"gt-block\">Teisip\u00e4ev, 10. veebruar: Meeste 20 km individuaalv\u00f5istlus (Lisateavet leiate aadressilt <a href=\"https:\/\/www.proxcskiing.com\/et\/s%C3%BCndmus\/ol%C3%BCmpiam%C3%A4ngud-2026-antholtz-anterselva-20-km-mehed\/\" target=\"_blank\" rel=\"noreferrer noopener nofollow\">SIIN<\/a>)<\/p>\n<ul class=\"wp-block-list\">\n<li>13:30 CET: 20 km individuaals\u00f5it, mehed<\/li>\n<\/ul>\n<p class=\"gt-block\">Kolmap\u00e4ev, 11. veebruar: Naiste 15 km individuaalv\u00f5istlus (Lisateavet leiate aadressilt <a href=\"https:\/\/www.proxcskiing.com\/et\/s%C3%BCndmus\/ol%C3%BCmpiam%C3%A4ngud-2026-antholtz-anterselva-15-km-naised\/\" target=\"_blank\" rel=\"noreferrer noopener nofollow\">SIIN<\/a>)<\/p>\n<ul class=\"wp-block-list\">\n<li>14:15 CET: 15 km individuaalv\u00f5istlus, naised<\/li>\n<\/ul>\n<p class=\"gt-block\">Reede, 13. veebruar: Meeste 10 km sprint (Lisateavet leiate aadressilt <a href=\"https:\/\/www.proxcskiing.com\/et\/s%C3%BCndmus\/ol%C3%BCmpiam%C3%A4ngud-2026-Antholtz-anterselva-10-km-sprint-mehed\/\" target=\"_blank\" rel=\"noreferrer noopener nofollow\">SIIN<\/a>)<\/p>\n<ul class=\"wp-block-list\">\n<li>14:00 CET: 10 km sprint, mehed<\/li>\n<\/ul>\n<p class=\"gt-block\">Laup\u00e4ev, 14. veebruar: Naiste 7.5 km sprint (Lisateavet leiate aadressilt <a href=\"https:\/\/www.proxcskiing.com\/et\/s%C3%BCndmus\/ol%C3%BCmpiam%C3%A4ngud-2026-antholtz-anterselva-7-5-km-sprint-naised\/\" target=\"_blank\" rel=\"noreferrer noopener nofollow\">SIIN<\/a>)<\/p>\n<ul class=\"wp-block-list\">\n<li>14:45 CET: 7.5 km sprint, naised<\/li>\n<\/ul>\n<p class=\"gt-block\">P\u00fchap\u00e4ev, 15. veebruar: meeste 12.5 km j\u00e4lituss\u00f5it ja naiste 10 km j\u00e4lituss\u00f5it (lisateavet leiate aadressilt <a href=\"https:\/\/www.proxcskiing.com\/et\/s%C3%BCndmus\/ol%C3%BCmpiam%C3%A4ngud-2026-Antholtz-Anterselva-10-12-5-km-j%C3%A4lituss%C3%B5it\/\" target=\"_blank\" rel=\"noreferrer noopener nofollow\">SIIN<\/a>)<\/p>\n<ul class=\"wp-block-list\">\n<li>11:15 CET: 12.5 km j\u00e4lituss\u00f5it, mehed<\/li>\n<li>14:45 CET: 10 km j\u00e4lituss\u00f5it, naised<\/li>\n<\/ul>\n<p class=\"gt-block\">Teisip\u00e4ev, 17. veebruar: Meeste 4\u00d77.5 km teatejooks (Lisateavet leiate aadressilt <a href=\"https:\/\/www.proxcskiing.com\/et\/s%C3%BCndmus\/ol%C3%BCmpiam%C3%A4ngud-2026-antholtz-anterselva-4x7-5-km-teatejooks-mehed\/\" target=\"_blank\" rel=\"noreferrer noopener nofollow\">SIIN<\/a>)<\/p>\n<ul class=\"wp-block-list\">\n<li>14:30 CET: 4\u00d77.5 km teatejooks, mehed<\/li>\n<\/ul>\n<p class=\"gt-block\">Kolmap\u00e4ev, 18. veebruar: Naiste 4&#215;6 km teatejooks (Lisateavet leiate aadressilt <a href=\"https:\/\/www.proxcskiing.com\/et\/s%C3%BCndmus\/2026.-aasta-ol%C3%BCmpiam%C3%A4ngud-Antholtz-Anterselva-4x6-km-teatejooks-naised\/\" target=\"_blank\" rel=\"noreferrer noopener nofollow\">SIIN<\/a>)<\/p>\n<ul class=\"wp-block-list\">\n<li>14:45 CET: 4&#215;6 km teatejooks, naised<\/li>\n<\/ul>\n<p class=\"gt-block\">Reede, 20. veebruar: Meeste 15 km \u00fchisstart (Lisateavet leiate aadressilt <a href=\"https:\/\/www.proxcskiing.com\/et\/s%C3%BCndmus\/ol%C3%BCmpiam%C3%A4ngud-2026-antholtz-anterselva-15-km-masstart-mehed\/\" target=\"_blank\" rel=\"noreferrer noopener nofollow\">SIIN<\/a>)<\/p>\n<ul class=\"wp-block-list\">\n<li>14:15 CET: 15 km \u00fchisstart, mehed<\/li>\n<\/ul>\n<p class=\"gt-block\">Laup\u00e4ev, 21. veebruar: Naiste 12.5 km \u00fchisstart (Lisateavet leiate aadressilt <a href=\"https:\/\/www.proxcskiing.com\/et\/s%C3%BCndmus\/ol%C3%BCmpiam%C3%A4ngud-2026-Antholtz-anterselva-12-5-km-massstart-naised-2\/\" target=\"_blank\" rel=\"noreferrer noopener nofollow\">SIIN<\/a>)<\/p>\n<ul class=\"wp-block-list\">\n<li>14:15 CET: 12.5 km \u00fchisstart, naised<\/li>\n<\/ul>\n<p class=\"gt-block\">Taliol\u00fcmpiam\u00e4ngude t\u00e4ieliku programmi leiab\u00a0<a href=\"https:\/\/milanocortina2026.olympics.com\/en\/competition-schedule\" target=\"_blank\" rel=\"noreferrer noopener nofollow\">SIIN<\/a><\/p>\n<p>Antholz-Anterselva ol\u00fcmpiam\u00e4ngud lubavad sportlastele hingematvaid s\u00fcndmusi ja f\u00e4nnidele suurejoonelist vaatamist. Kuna iga l\u00f6\u00f6k ja suusasamm loetakse, on laskesuusatamine Milano-Cortina 2026. aasta taliol\u00fcmpiam\u00e4ngude \u00fcks enim vaadatud spordialasid.<\/p>\n<p class=\"gt-block\">Kas olete huvitatud laskesuusatamisest? Kl\u00f5psake <a href=\"https:\/\/www.proxcskiing.com\/et\/kategooria\/laskesuusatamine\/\" target=\"_blank\" rel=\"noreferrer noopener nofollow\">SIIN<\/a> ja loe selle kohta l\u00e4hemalt.<\/p>\n<p>ProXCskiing.com liikmena saate t\u00e4ieliku juurdep\u00e4\u00e4su kogu saidi sisule. Samuti otse\u00fclekanded Ski Classics \u00fcritused on saadaval ingliskeelsete kommentaaridega.<\/p>\n<p>Kui sinust saab osa \u00fchest maailma juhtivast murdmaasuusatamise kogukonnast, saad aastaringselt palju eksklusiivseid pakkumisi.<\/p>\n<p><a href=\"https:\/\/proxcskiing.com\/profile\/\" target=\"_blank\" rel=\"noreferrer noopener nofollow\"><img loading=\"lazy\" decoding=\"async\" width=\"1024\" height=\"313\" src=\"https:\/\/www.europesays.com\/ee\/wp-content\/uploads\/2026\/01\/Pro-XC-Skiing_WinterBanner_2024_980x300_EN-1024x313.png.webp.webp\" alt=\"Banner 2024\" class=\"wp-image-77122\"  \/><\/a><\/p>\n<p class=\"gt-block has-text-align-center\"><a href=\"https:\/\/proxcskiing.com\/profile\/\" target=\"_blank\" rel=\"noreferrer noopener nofollow\">REGISTREERU SIIN LIIKMEKS<\/a><\/p>\n","protected":false},"excerpt":{"rendered":"P\u00e4rast head sooritust radadel ja lasketiirus v\u00f5itis norralane Johannes Dale-Skjevdal Itaalias ol\u00fcmpia 15 km \u00fchisstardiga distantsil kulla. Norralane&hellip;\n","protected":false},"author":2,"featured_media":113025,"comment_status":"","ping_status":"","sticky":false,"template":"","format":"standard","meta":{"footnotes":"","_share_on_mastodon":"0"},"categories":[18],"tags":[37,33,35,34,36,3586,2998,45431,4916,35584,159,158],"class_list":["post-113024","post","type-post","status-publish","format-standard","has-post-thumbnail","category-sport","tag-ee","tag-eesti","tag-eesti-keel","tag-estonia","tag-estonian","tag-kuld","tag-laskesuusatamine","tag-massstarti","tag-milano-cortina","tag-proxcskimine","tag-sport","tag-sports"],"share_on_mastodon":{"url":"https:\/\/pubeurope.com\/@ee\/116107853296009731","error":""},"_links":{"self":[{"href":"https:\/\/www.europesays.com\/ee\/wp-json\/wp\/v2\/posts\/113024","targetHints":{"allow":["GET"]}}],"collection":[{"href":"https:\/\/www.europesays.com\/ee\/wp-json\/wp\/v2\/posts"}],"about":[{"href":"https:\/\/www.europesays.com\/ee\/wp-json\/wp\/v2\/types\/post"}],"author":[{"embeddable":true,"href":"https:\/\/www.europesays.com\/ee\/wp-json\/wp\/v2\/users\/2"}],"replies":[{"embeddable":true,"href":"https:\/\/www.europesays.com\/ee\/wp-json\/wp\/v2\/comments?post=113024"}],"version-history":[{"count":0,"href":"https:\/\/www.europesays.com\/ee\/wp-json\/wp\/v2\/posts\/113024\/revisions"}],"wp:featuredmedia":[{"embeddable":true,"href":"https:\/\/www.europesays.com\/ee\/wp-json\/wp\/v2\/media\/113025"}],"wp:attachment":[{"href":"https:\/\/www.europesays.com\/ee\/wp-json\/wp\/v2\/media?parent=113024"}],"wp:term":[{"taxonomy":"category","embeddable":true,"href":"https:\/\/www.europesays.com\/ee\/wp-json\/wp\/v2\/categories?post=113024"},{"taxonomy":"post_tag","embeddable":true,"href":"https:\/\/www.europesays.com\/ee\/wp-json\/wp\/v2\/tags?post=113024"}],"curies":[{"name":"wp","href":"https:\/\/api.w.org\/{rel}","templated":true}]}}