{"id":113083,"date":"2026-02-21T11:14:09","date_gmt":"2026-02-21T11:14:09","guid":{"rendered":"https:\/\/www.europesays.com\/ee\/113083\/"},"modified":"2026-02-21T11:14:09","modified_gmt":"2026-02-21T11:14:09","slug":"manucho-loi-maardu-eest-kahe-minutiga-kaks-varavat-ja-lahkus-seejarel-valjakult-soccernet-ee","status":"publish","type":"post","link":"https:\/\/www.europesays.com\/ee\/113083\/","title":{"rendered":"Manucho l\u00f5i Maardu eest kahe minutiga kaks v\u00e4ravat ja lahkus seej\u00e4rel v\u00e4ljakult &#8211; Soccernet.ee"},"content":{"rendered":"<p><img decoding=\"async\" src=\"https:\/\/www.europesays.com\/ee\/wp-content\/uploads\/2026\/01\/1767607833.jpg\" alt=\"Manucho. Foto: Imre P\u00fchvel\"\/>&#13;\n<\/p>\n<p>Taliturniiri D-tasandil l\u00e4ksid vastamisi Esiliigasse t\u00f5usnud Maardu Linnameeskond ja t\u00e4navu Esiliiga B-s palliv Tallinna Kalevi duubelmeeskond. Maardukate kasuks 3:1-ga l\u00f5ppenud kohtumises tegi kahel korral skoori ka endine Tallinna Levadia pallur Manucho.\u00a0<\/p>\n<p>Eesti Jalgpalli Liidu hallis peetud kohtumine sai tormilise alguse. Maardu otsustas kohtumise \u00e4ra sisuliselt esimese 15 minutiga. Skoori avas 11. minutil Premium liigas 107 kohtumist pidanud ja 46 v\u00e4ravat l\u00f6\u00f6nud Manucho. K\u00f5igest minuti m\u00f6\u00f6dudes kasvatas Elevandiluuranniku passiga mees sama. 19. minutil pidi m\u00e4ngija aga v\u00e4ljakult lahkuma.\u00a0&#13;\n<\/p>\n<p>Kolmanda tabamuse vajutas Kalevi noorte v\u00f5rku 14. minutil Deniss Drabinko, kes realiseeris 11 meetri karistusl\u00f6\u00f6gi. Sellega Maardu v\u00e4ravad piirdusid, ent ka Kalevi j\u00e4relkasvumeeskond n\u00e4itas hambaid. 88. minutil l\u00f5i kalevlaste auv\u00e4rava Silver Rasmus Kubensky.\u00a0&#13;\n<\/p>\n<p>Maardu hooajaeelne periood on kulgenud eeskujulikult. 4:1 alistati esimeses kohtumises FC Tallinn, j\u00e4rgnes 2:3 kaotus Tallinna Levadia duublile, 2:0 alistati Tallinna Legion ning seej\u00e4rel m\u00e4ngiti viiki Riga Marinersi ja Tallinna Flora duubelmeeskonnaga. Kalevi duubel on seevastu teeninud vaid \u00fche viigi J\u00f5hvi Phoenixi vastu. Kaotatud on nii JK Tabasalule, P\u00e4rnu Vapruse ja N\u00f5mme Unitedi j\u00e4relkasvumeeskondadele.\u00a0<\/p>\n<p>JK Tallinna Kalev U21 &#8211; Maardu Linnameeskond 1:3 (0:3)<br \/>&#13;<br \/>\n88. Silver Rasmus Kubensky &#8211; 11., 12. Manucho, 14. pen. Deniss Drabinko                         <\/p>\n","protected":false},"excerpt":{"rendered":"&#13; Taliturniiri D-tasandil l\u00e4ksid vastamisi Esiliigasse t\u00f5usnud Maardu Linnameeskond ja t\u00e4navu Esiliiga B-s palliv Tallinna Kalevi duubelmeeskond. Maardukate&hellip;\n","protected":false},"author":2,"featured_media":79574,"comment_status":"","ping_status":"","sticky":false,"template":"","format":"standard","meta":{"footnotes":"","_share_on_mastodon":"0"},"categories":[18],"tags":[37,33,35,34,36,5058,949,2464,1471,159,158,39074,1343,5059],"class_list":["post-113083","post","type-post","status-publish","format-standard","has-post-thumbnail","category-sport","tag-ee","tag-eesti","tag-eesti-keel","tag-estonia","tag-estonian","tag-kalev-u21","tag-maardu","tag-maardu-linnameeskond","tag-manucho","tag-sport","tag-sports","tag-taliturniir","tag-tallinna-kalev","tag-tallinna-kalev-u21"],"share_on_mastodon":{"url":"https:\/\/pubeurope.com\/@ee\/116108333631623239","error":""},"_links":{"self":[{"href":"https:\/\/www.europesays.com\/ee\/wp-json\/wp\/v2\/posts\/113083","targetHints":{"allow":["GET"]}}],"collection":[{"href":"https:\/\/www.europesays.com\/ee\/wp-json\/wp\/v2\/posts"}],"about":[{"href":"https:\/\/www.europesays.com\/ee\/wp-json\/wp\/v2\/types\/post"}],"author":[{"embeddable":true,"href":"https:\/\/www.europesays.com\/ee\/wp-json\/wp\/v2\/users\/2"}],"replies":[{"embeddable":true,"href":"https:\/\/www.europesays.com\/ee\/wp-json\/wp\/v2\/comments?post=113083"}],"version-history":[{"count":0,"href":"https:\/\/www.europesays.com\/ee\/wp-json\/wp\/v2\/posts\/113083\/revisions"}],"wp:featuredmedia":[{"embeddable":true,"href":"https:\/\/www.europesays.com\/ee\/wp-json\/wp\/v2\/media\/79574"}],"wp:attachment":[{"href":"https:\/\/www.europesays.com\/ee\/wp-json\/wp\/v2\/media?parent=113083"}],"wp:term":[{"taxonomy":"category","embeddable":true,"href":"https:\/\/www.europesays.com\/ee\/wp-json\/wp\/v2\/categories?post=113083"},{"taxonomy":"post_tag","embeddable":true,"href":"https:\/\/www.europesays.com\/ee\/wp-json\/wp\/v2\/tags?post=113083"}],"curies":[{"name":"wp","href":"https:\/\/api.w.org\/{rel}","templated":true}]}}