{"id":113090,"date":"2026-02-21T11:18:17","date_gmt":"2026-02-21T11:18:17","guid":{"rendered":"https:\/\/www.europesays.com\/ee\/113090\/"},"modified":"2026-02-21T11:18:17","modified_gmt":"2026-02-21T11:18:17","slug":"kaks-konservatiivset-vaikeparteid-plaanivad-uhineda-eesti","status":"publish","type":"post","link":"https:\/\/www.europesays.com\/ee\/113090\/","title":{"rendered":"Kaks konservatiivset v\u00e4ikeparteid plaanivad \u00fchineda | Eesti"},"content":{"rendered":"<p>Erakond Eesti Rahvuslased ja Konservatiivid (ERK) on otsustanud \u00fchineda erakonna Eesti Vabaduspartei-P\u00f5llumeeste Koguga (EVP-PL).<\/p>\n<p>Neljap\u00e4eval toimunud ERK-i erakorraline \u00fcldkoosolek andis \u00fcksmeelse n\u00f5usoleku \u00fchinemaks Eesti Vabaduspartei-P\u00f5llumeeste Koguga (EVP-PL).<\/p>\n<p>P\u00e4rast \u00e4riregistri toimingute l\u00f5puleviimist j\u00e4tkatakse tegevust uue koosseisuga \u00fchisel \u00fcldkoosolekul, kus valitakse erakonna esimees, aseesimehed, juhatuse ja aukohtu liikmed ning esitatakse ka v\u00f5imalikud ettepanekud nime muutmiseks ja programmi uuendamiseks.<\/p>\n<p>ERK-il on \u00e4riregistri andmetel 509 ja EVP-PL-il 553 liiget. See t\u00e4hendab, et kahe erakonna liitumisel loodaval erakonnal v\u00f5iks kokku olla 1064 liiget.<\/p>\n<p>ERK loodi 2024. aastal p\u00e4rast EKRE-s lahvatanud siset\u00fcli.<\/p>\n<p>T\u00fcli tagaj\u00e4rjel visati erakonnast v\u00e4lja mitmed juhtliikmed n\u00e4iteks Henn P\u00f5lluaas, Jaak Valge, Silver Kuusik ja Helle Kullerkupp. Hiljem astusid erakonnast v\u00e4lja veel Jaak Madison, Ants Frosch ja EKRE riigikogu fraktsioonist lahkus Leo Kunnas, kes erakonda ei kuulunud.<\/p>\n<p>ERK-iga liitusid nimistust Valge, Kuusik, Kullerkupp ja Frosch. Kuusikust sai ka erakonna esimees.<\/p>\n<p>EVP-PL loodi 1992. aastal ning erakonna esimees on Rein Koch.<\/p>\n<p>1995. aasta riigikogu valimistel osales P\u00f5llumeeste Kogu valimisliidus\u00a0Koonderakond ja Maarahva \u00dchendus, mis v\u00f5itis valimised ning selle tagaj\u00e4rjel p\u00e4\u00e4ses kaks EVP-PL-i liiget ka riigikogusse.<\/p>\n<p>2007. aasta riigikogu valimistel osalesid P\u00f5llumeeste Kogu liikmed IRL-i nimekirjas.<\/p>\n","protected":false},"excerpt":{"rendered":"Erakond Eesti Rahvuslased ja Konservatiivid (ERK) on otsustanud \u00fchineda erakonna Eesti Vabaduspartei-P\u00f5llumeeste Koguga (EVP-PL). Neljap\u00e4eval toimunud ERK-i erakorraline&hellip;\n","protected":false},"author":2,"featured_media":113091,"comment_status":"","ping_status":"","sticky":false,"template":"","format":"standard","meta":{"footnotes":"","_share_on_mastodon":"0"},"categories":[5],"tags":[26,27,37,33,35,53435,3494,34,36,53434,31,32,21,28,29,19,25,23,24,22,20,30],"class_list":["post-113090","post","type-post","status-publish","format-standard","has-post-thumbnail","category-uldised-uudised","tag-breaking-news","tag-breakingnews","tag-ee","tag-eesti","tag-eesti-keel","tag-erakondade-liitumine","tag-erk","tag-estonia","tag-estonian","tag-evp-pl","tag-featured-news","tag-featurednews","tag-headlines","tag-latest-news","tag-latestnews","tag-news","tag-populaarseimad-lood","tag-top-stories","tag-topstories","tag-uldised-uudised","tag-uudised","tag-viimased-uudised"],"share_on_mastodon":{"url":"https:\/\/pubeurope.com\/@ee\/116108348810642501","error":""},"_links":{"self":[{"href":"https:\/\/www.europesays.com\/ee\/wp-json\/wp\/v2\/posts\/113090","targetHints":{"allow":["GET"]}}],"collection":[{"href":"https:\/\/www.europesays.com\/ee\/wp-json\/wp\/v2\/posts"}],"about":[{"href":"https:\/\/www.europesays.com\/ee\/wp-json\/wp\/v2\/types\/post"}],"author":[{"embeddable":true,"href":"https:\/\/www.europesays.com\/ee\/wp-json\/wp\/v2\/users\/2"}],"replies":[{"embeddable":true,"href":"https:\/\/www.europesays.com\/ee\/wp-json\/wp\/v2\/comments?post=113090"}],"version-history":[{"count":0,"href":"https:\/\/www.europesays.com\/ee\/wp-json\/wp\/v2\/posts\/113090\/revisions"}],"wp:featuredmedia":[{"embeddable":true,"href":"https:\/\/www.europesays.com\/ee\/wp-json\/wp\/v2\/media\/113091"}],"wp:attachment":[{"href":"https:\/\/www.europesays.com\/ee\/wp-json\/wp\/v2\/media?parent=113090"}],"wp:term":[{"taxonomy":"category","embeddable":true,"href":"https:\/\/www.europesays.com\/ee\/wp-json\/wp\/v2\/categories?post=113090"},{"taxonomy":"post_tag","embeddable":true,"href":"https:\/\/www.europesays.com\/ee\/wp-json\/wp\/v2\/tags?post=113090"}],"curies":[{"name":"wp","href":"https:\/\/api.w.org\/{rel}","templated":true}]}}