{"id":113196,"date":"2026-02-21T14:34:07","date_gmt":"2026-02-21T14:34:07","guid":{"rendered":"https:\/\/www.europesays.com\/ee\/113196\/"},"modified":"2026-02-21T14:34:07","modified_gmt":"2026-02-21T14:34:07","slug":"usa-plaanib-taasavada-14-aastat-tagasi-suletud-saatkonna-suurias","status":"publish","type":"post","link":"https:\/\/www.europesays.com\/ee\/113196\/","title":{"rendered":"USA plaanib taasavada 14 aastat tagasi suletud saatkonna S\u00fc\u00fcrias"},"content":{"rendered":"<p>K\u00e4esoleva kuu alguses teavitas USA valitsus seadusandjaid v\u00e4lisministeeriumi kavatsustest rakendada j\u00e4rkj\u00e4rgulist l\u00e4henemisviisi USA Damaskuse saatkonna tegevuse v\u00f5imalikuks taastamiseks, teatas Associated Press.<\/p>\n<p>10. veebruaril saadetud teates \u00f6eldi, et plaanide elluviimine algab 15 p\u00e4eva p\u00e4rast ehk j\u00e4rgmisel n\u00e4dalal. Teates ei esitatud kavandatavate sammude kohta konkreetset ajakava.<\/p>\n<p>USA diplomaatide j\u00e4rkj\u00e4rguline tagasip\u00f6\u00f6rdumine Damaskusesse on osa Trumpi administratsiooni laiemast <a rel=\"noopener nofollow\" target=\"_blank\" href=\"https:\/\/www.delfi.ee\/teema\/30604059\/lahis-ida\" tag-id=\"30604059\">L\u00e4his-Ida<\/a> strateegiast. USA administratsioon hakkas Damaskuse saatkonna taasavamist kaaluma eelmisel aastal p\u00e4rast S\u00fc\u00fcria kauaaegse valitseja Bashar al-Assadi v\u00f5imult kukutamist 2024. aasta detsembris.<\/p>\n<p>USA S\u00fc\u00fcria erisaadik Tom Barrack on lobinud suhete s\u00fcvendamise nimel S\u00fc\u00fcria ja selle uue juhtkonnaga. Ta on edukalt propageerinud USA sanktsioonide t\u00fchistamist ning S\u00fc\u00fcria taasintegreerimist piirkondlikkesse ja rahvusvahelistesse kogukondadesse. Eelmise aasta mais k\u00fclastas Barrack Damaskust ja heiskas endise USA saatkonna territooriumil taas USA lipu, kuigi saatkonda veel ei taasavatud.<\/p>\n<p>Taasavamise plaanid on salastatud ja v\u00e4lisministeerium oli keeldunud kommenteerimast teema \u00fcksikasju, kinnitades vaid, et selline teade t\u00f5epoolest saadeti kongressile, kirjutas AP.<\/p>\n<p>Teadaolevalt on USA v\u00f5tnud sarnase l\u00e4henemisviisi oma plaanides taasavada saatkond Venezuela pealinnas Caracases, kavatsedes paigutada sinna ajutised t\u00f6\u00f6tajad, kes elaksid ja t\u00f6\u00f6taksid ajutistes ruumides.<\/p>\n<p>Kuidas see lugu Sind end tundma pani? Saada <a href=\"https:\/\/www.delfi.ee\/artikkel\/120437891\/usa-plaanib-taasavada-14-aastat-tagasi-suletud-saatkonna-suurias\/kommentaarid\" class=\"article-body-bottom__comment article-body-bottom__comment--write button button--primary button--size-auto\" rel=\"nofollow noopener\" target=\"_blank\"> Kommenteeri <\/a><a href=\"https:\/\/www.delfi.ee\/artikkel\/120437891\/usa-plaanib-taasavada-14-aastat-tagasi-suletud-saatkonna-suurias\/kommentaarid\" class=\"article-body-bottom__comment article-body-bottom__comment--read button button--size-auto\" rel=\"nofollow noopener\" target=\"_blank\"> Loe kommentaare (2)<\/a><\/p>\n","protected":false},"excerpt":{"rendered":"K\u00e4esoleva kuu alguses teavitas USA valitsus seadusandjaid v\u00e4lisministeeriumi kavatsustest rakendada j\u00e4rkj\u00e4rgulist l\u00e4henemisviisi USA Damaskuse saatkonna tegevuse v\u00f5imalikuks taastamiseks,&hellip;\n","protected":false},"author":2,"featured_media":113197,"comment_status":"","ping_status":"","sticky":false,"template":"","format":"standard","meta":{"footnotes":"","_share_on_mastodon":"0"},"categories":[80],"tags":[26,27,36298,37,33,35,34,36,31,32,21,4376,28,29,95,19,25,1604,23,24,22,325,20,30,92,93,94],"class_list":["post-113196","post","type-post","status-publish","format-standard","has-post-thumbnail","category-maailm","tag-breaking-news","tag-breakingnews","tag-damaskus","tag-ee","tag-eesti","tag-eesti-keel","tag-estonia","tag-estonian","tag-featured-news","tag-featurednews","tag-headlines","tag-lahis-ida","tag-latest-news","tag-latestnews","tag-maailm","tag-news","tag-populaarseimad-lood","tag-suuria","tag-top-stories","tag-topstories","tag-uldised-uudised","tag-usa","tag-uudised","tag-viimased-uudised","tag-world","tag-world-news","tag-worldnews"],"share_on_mastodon":{"url":"https:\/\/pubeurope.com\/@ee\/116109119686387526","error":""},"_links":{"self":[{"href":"https:\/\/www.europesays.com\/ee\/wp-json\/wp\/v2\/posts\/113196","targetHints":{"allow":["GET"]}}],"collection":[{"href":"https:\/\/www.europesays.com\/ee\/wp-json\/wp\/v2\/posts"}],"about":[{"href":"https:\/\/www.europesays.com\/ee\/wp-json\/wp\/v2\/types\/post"}],"author":[{"embeddable":true,"href":"https:\/\/www.europesays.com\/ee\/wp-json\/wp\/v2\/users\/2"}],"replies":[{"embeddable":true,"href":"https:\/\/www.europesays.com\/ee\/wp-json\/wp\/v2\/comments?post=113196"}],"version-history":[{"count":0,"href":"https:\/\/www.europesays.com\/ee\/wp-json\/wp\/v2\/posts\/113196\/revisions"}],"wp:featuredmedia":[{"embeddable":true,"href":"https:\/\/www.europesays.com\/ee\/wp-json\/wp\/v2\/media\/113197"}],"wp:attachment":[{"href":"https:\/\/www.europesays.com\/ee\/wp-json\/wp\/v2\/media?parent=113196"}],"wp:term":[{"taxonomy":"category","embeddable":true,"href":"https:\/\/www.europesays.com\/ee\/wp-json\/wp\/v2\/categories?post=113196"},{"taxonomy":"post_tag","embeddable":true,"href":"https:\/\/www.europesays.com\/ee\/wp-json\/wp\/v2\/tags?post=113196"}],"curies":[{"name":"wp","href":"https:\/\/api.w.org\/{rel}","templated":true}]}}