{"id":113222,"date":"2026-02-21T15:20:04","date_gmt":"2026-02-21T15:20:04","guid":{"rendered":"https:\/\/www.europesays.com\/ee\/113222\/"},"modified":"2026-02-21T15:20:04","modified_gmt":"2026-02-21T15:20:04","slug":"prantsusmaa-voitis-milano-cortinas-2026-aastal-naiste-12-5-km-uhisstardiga-distantsil-kulla-ja-hobeda","status":"publish","type":"post","link":"https:\/\/www.europesays.com\/ee\/113222\/","title":{"rendered":"Prantsusmaa v\u00f5itis Milano-Cortinas 2026. aastal naiste 12.5 km \u00fchisstardiga distantsil kulla ja h\u00f5beda"},"content":{"rendered":"<p>P\u00e4rast head sooritust jooksuradadel ja lasketiirus v\u00f5itis prantslane Oceane Michelon Itaalias ol\u00fcmpia 12.5 km \u00fchisstardiga distantsil kuldmedali.<\/p>\n<p>Michelon peatas kella 37:18.1 juures, kahe m\u00f6\u00f6dalasuga, ja v\u00f5itis kuldmedali.<\/p>\n<p>Teisena l\u00f5petas samuti prantslanna Julia Simon, kes kaotas 6.6 sekundit ja lasi \u00fche m\u00f6\u00f6da.<\/p>\n<p>T\u0161ehhimaalt p\u00e4rit Tereza Vobornikova l\u00f5petas poodiumil kolmandal kohal, j\u00e4\u00e4des v\u00f5itjast maha 7.4 sekundit (\u00fcks m\u00f6\u00f6dalask) ja v\u00f5itis pronksmedali.<\/p>\n<p>Esiviisiku l\u00f5petasid rootslanna Anna Magnusson ja itaallanna Dorothea Wierer, kes saavutasid vastavalt neljanda ja viienda koha.<\/p>\n<p class=\"gt-block\">Samuti loe &#8211; <a href=\"https:\/\/www.proxcskiing.com\/et\/laskesuusatamine\/2026.-aasta-ol%C3%BCmpiam%C3%A4ngude-t%C3%A4ielik-laskesuusatamise-juhend-naiste-12%E2%80%935-km-%C3%BChisstardiga-distantsi-kohta\/\" rel=\"nofollow noopener\" target=\"_blank\">Ol\u00fcmpiam\u00e4ngud 2026: naiste 12.5 km \u00fchisstardiga laskesuusatamise t\u00e4ielik juhend<\/a><\/p>\n<p>Naiste \u00fchisstardist 12.5 km distantsi 5 paremat<\/p>\n<ol start=\"1\" class=\"wp-block-list\">\n<li>Oceane Michelon (FRA), (1-0-0-1), 37:18.1<\/li>\n<li>Julia Simon (FRA), (0-0-1-0), +6.6<\/li>\n<li>Tereza Vobornikova (CZE), (1-0-0-0), +7.4<\/li>\n<li>Anna Magnusson (SWE), (0-0-0-0), +26.6<\/li>\n<li>Dorothea Wierer (ITA), (0-1-1-0), +30.0<\/li>\n<\/ol>\n<p class=\"gt-block\">T\u00e4ielikud tulemused leiate <a href=\"https:\/\/www.proxcskiing.com\/et\/s%C3%BCndmus\/ol%C3%BCmpiam%C3%A4ngud-2026-Antholtz-anterselva-12-5-km-massstart-naised-2\/\" rel=\"nofollow noopener\" target=\"_blank\">SIIN<\/a><\/p>\n<p class=\"gt-block\">Loe rohkem &#8211; <a href=\"https:\/\/www.proxcskiing.com\/et\/laskesuusatamine\/2026.-aasta-Milano-Cortina-taliol%C3%BCmpiam%C3%A4ngude-laskesuusatamise-programm\/\" target=\"_blank\" rel=\"noreferrer noopener nofollow\">2026. aasta Milano-Cortina taliol\u00fcmpiam\u00e4ngude laskesuusatamise programm<\/a><\/p>\n<p>Laskesuusatamise ajakava \u2013 Milano-Cortina 2026<\/p>\n<p class=\"gt-block\">P\u00fchap\u00e4ev, 8. veebruar: Segateatev\u00f5istlus (M+N) (Lisateavet leiate aadressilt <a href=\"https:\/\/www.proxcskiing.com\/et\/s%C3%BCndmus\/2026.-aasta-ol%C3%BCmpiam%C3%A4ngud--Antholtz--Anterselva--segateatev%C3%B5istlus--maailmameistriv%C3%B5istlused\/\" target=\"_blank\" rel=\"noreferrer noopener nofollow\">SIIN<\/a>)<\/p>\n<ul class=\"wp-block-list\">\n<li>14:05 CET: Segateatev\u00f5istlus, mehed + naised<\/li>\n<\/ul>\n<p class=\"gt-block\">Teisip\u00e4ev, 10. veebruar: Meeste 20 km individuaalv\u00f5istlus (Lisateavet leiate aadressilt <a href=\"https:\/\/www.proxcskiing.com\/et\/s%C3%BCndmus\/ol%C3%BCmpiam%C3%A4ngud-2026-antholtz-anterselva-20-km-mehed\/\" target=\"_blank\" rel=\"noreferrer noopener nofollow\">SIIN<\/a>)<\/p>\n<ul class=\"wp-block-list\">\n<li>13:30 CET: 20 km individuaals\u00f5it, mehed<\/li>\n<\/ul>\n<p class=\"gt-block\">Kolmap\u00e4ev, 11. veebruar: Naiste 15 km individuaalv\u00f5istlus (Lisateavet leiate aadressilt <a href=\"https:\/\/www.proxcskiing.com\/et\/s%C3%BCndmus\/ol%C3%BCmpiam%C3%A4ngud-2026-antholtz-anterselva-15-km-naised\/\" target=\"_blank\" rel=\"noreferrer noopener nofollow\">SIIN<\/a>)<\/p>\n<ul class=\"wp-block-list\">\n<li>14:15 CET: 15 km individuaalv\u00f5istlus, naised<\/li>\n<\/ul>\n<p class=\"gt-block\">Reede, 13. veebruar: Meeste 10 km sprint (Lisateavet leiate aadressilt <a href=\"https:\/\/www.proxcskiing.com\/et\/s%C3%BCndmus\/ol%C3%BCmpiam%C3%A4ngud-2026-Antholtz-anterselva-10-km-sprint-mehed\/\" target=\"_blank\" rel=\"noreferrer noopener nofollow\">SIIN<\/a>)<\/p>\n<ul class=\"wp-block-list\">\n<li>14:00 CET: 10 km sprint, mehed<\/li>\n<\/ul>\n<p class=\"gt-block\">Laup\u00e4ev, 14. veebruar: Naiste 7.5 km sprint (Lisateavet leiate aadressilt <a href=\"https:\/\/www.proxcskiing.com\/et\/s%C3%BCndmus\/ol%C3%BCmpiam%C3%A4ngud-2026-antholtz-anterselva-7-5-km-sprint-naised\/\" target=\"_blank\" rel=\"noreferrer noopener nofollow\">SIIN<\/a>)<\/p>\n<ul class=\"wp-block-list\">\n<li>14:45 CET: 7.5 km sprint, naised<\/li>\n<\/ul>\n<p class=\"gt-block\">P\u00fchap\u00e4ev, 15. veebruar: meeste 12.5 km j\u00e4lituss\u00f5it ja naiste 10 km j\u00e4lituss\u00f5it (lisateavet leiate aadressilt <a href=\"https:\/\/www.proxcskiing.com\/et\/s%C3%BCndmus\/ol%C3%BCmpiam%C3%A4ngud-2026-Antholtz-Anterselva-10-12-5-km-j%C3%A4lituss%C3%B5it\/\" target=\"_blank\" rel=\"noreferrer noopener nofollow\">SIIN<\/a>)<\/p>\n<ul class=\"wp-block-list\">\n<li>11:15 CET: 12.5 km j\u00e4lituss\u00f5it, mehed<\/li>\n<li>14:45 CET: 10 km j\u00e4lituss\u00f5it, naised<\/li>\n<\/ul>\n<p class=\"gt-block\">Teisip\u00e4ev, 17. veebruar: Meeste 4\u00d77.5 km teatejooks (Lisateavet leiate aadressilt <a href=\"https:\/\/www.proxcskiing.com\/et\/s%C3%BCndmus\/ol%C3%BCmpiam%C3%A4ngud-2026-antholtz-anterselva-4x7-5-km-teatejooks-mehed\/\" target=\"_blank\" rel=\"noreferrer noopener nofollow\">SIIN<\/a>)<\/p>\n<ul class=\"wp-block-list\">\n<li>14:30 CET: 4\u00d77.5 km teatejooks, mehed<\/li>\n<\/ul>\n<p class=\"gt-block\">Kolmap\u00e4ev, 18. veebruar: Naiste 4&#215;6 km teatejooks (Lisateavet leiate aadressilt <a href=\"https:\/\/www.proxcskiing.com\/et\/s%C3%BCndmus\/2026.-aasta-ol%C3%BCmpiam%C3%A4ngud-Antholtz-Anterselva-4x6-km-teatejooks-naised\/\" target=\"_blank\" rel=\"noreferrer noopener nofollow\">SIIN<\/a>)<\/p>\n<ul class=\"wp-block-list\">\n<li>14:45 CET: 4&#215;6 km teatejooks, naised<\/li>\n<\/ul>\n<p class=\"gt-block\">Reede, 20. veebruar: Meeste 15 km \u00fchisstart (Lisateavet leiate aadressilt <a href=\"https:\/\/www.proxcskiing.com\/et\/s%C3%BCndmus\/ol%C3%BCmpiam%C3%A4ngud-2026-antholtz-anterselva-15-km-masstart-mehed\/\" target=\"_blank\" rel=\"noreferrer noopener nofollow\">SIIN<\/a>)<\/p>\n<ul class=\"wp-block-list\">\n<li>14:15 CET: 15 km \u00fchisstart, mehed<\/li>\n<\/ul>\n<p class=\"gt-block\">Laup\u00e4ev, 21. veebruar: Naiste 12.5 km \u00fchisstart (Lisateavet leiate aadressilt <a href=\"https:\/\/www.proxcskiing.com\/et\/s%C3%BCndmus\/ol%C3%BCmpiam%C3%A4ngud-2026-Antholtz-anterselva-12-5-km-massstart-naised-2\/\" target=\"_blank\" rel=\"noreferrer noopener nofollow\">SIIN<\/a>)<\/p>\n<ul class=\"wp-block-list\">\n<li>14:15 CET: 12.5 km \u00fchisstart, naised<\/li>\n<\/ul>\n<p class=\"gt-block\">Taliol\u00fcmpiam\u00e4ngude t\u00e4ieliku programmi leiab<a href=\"https:\/\/milanocortina2026.olympics.com\/en\/competition-schedule\" target=\"_blank\" rel=\"noreferrer noopener nofollow\">SIIN<\/a><\/p>\n<p>Antholz-Anterselva ol\u00fcmpiam\u00e4ngud lubavad sportlastele hingematvaid s\u00fcndmusi ja f\u00e4nnidele suurejoonelist vaatamist. Kuna iga l\u00f6\u00f6k ja suusasamm loetakse, on laskesuusatamine Milano-Cortina 2026. aasta taliol\u00fcmpiam\u00e4ngude \u00fcks enim vaadatud spordialasid.<\/p>\n<p class=\"gt-block\">Kas olete huvitatud laskesuusatamisest? Kl\u00f5psake <a href=\"https:\/\/www.proxcskiing.com\/et\/kategooria\/laskesuusatamine\/\" target=\"_blank\" rel=\"noreferrer noopener nofollow\">SIIN<\/a> ja loe selle kohta l\u00e4hemalt.<\/p>\n<p>ProXCskiing.com liikmena saate t\u00e4ieliku juurdep\u00e4\u00e4su kogu saidi sisule. Samuti otse\u00fclekanded Ski Classics \u00fcritused on saadaval ingliskeelsete kommentaaridega.<\/p>\n<p>Kui sinust saab osa \u00fchest maailma juhtivast murdmaasuusatamise kogukonnast, saad aastaringselt palju eksklusiivseid pakkumisi.<\/p>\n<p><a href=\"https:\/\/proxcskiing.com\/profile\/\" target=\"_blank\" rel=\"noreferrer noopener nofollow\"><img loading=\"lazy\" decoding=\"async\" width=\"1024\" height=\"313\" src=\"https:\/\/www.europesays.com\/ee\/wp-content\/uploads\/2026\/01\/Pro-XC-Skiing_WinterBanner_2024_980x300_EN-1024x313.png.webp.webp\" alt=\"Banner 2024\" class=\"wp-image-77122\"  \/><\/a><\/p>\n<p class=\"gt-block has-text-align-center\"><a href=\"https:\/\/proxcskiing.com\/profile\/\" target=\"_blank\" rel=\"noreferrer noopener nofollow\">REGISTREERU SIIN LIIKMEKS<\/a><\/p>\n","protected":false},"excerpt":{"rendered":"P\u00e4rast head sooritust jooksuradadel ja lasketiirus v\u00f5itis prantslane Oceane Michelon Itaalias ol\u00fcmpia 12.5 km \u00fchisstardiga distantsil kuldmedali. Michelon&hellip;\n","protected":false},"author":2,"featured_media":113223,"comment_status":"","ping_status":"","sticky":false,"template":"","format":"standard","meta":{"footnotes":"","_share_on_mastodon":"0"},"categories":[5],"tags":[26,27,37,33,35,34,36,31,32,21,3586,2998,28,29,45431,4916,19,25,52,35584,23,24,22,20,30],"class_list":["post-113222","post","type-post","status-publish","format-standard","has-post-thumbnail","category-uldised-uudised","tag-breaking-news","tag-breakingnews","tag-ee","tag-eesti","tag-eesti-keel","tag-estonia","tag-estonian","tag-featured-news","tag-featurednews","tag-headlines","tag-kuld","tag-laskesuusatamine","tag-latest-news","tag-latestnews","tag-massstarti","tag-milano-cortina","tag-news","tag-populaarseimad-lood","tag-prantsusmaa","tag-proxcskimine","tag-top-stories","tag-topstories","tag-uldised-uudised","tag-uudised","tag-viimased-uudised"],"share_on_mastodon":{"url":"https:\/\/pubeurope.com\/@ee\/116109300473108254","error":""},"_links":{"self":[{"href":"https:\/\/www.europesays.com\/ee\/wp-json\/wp\/v2\/posts\/113222","targetHints":{"allow":["GET"]}}],"collection":[{"href":"https:\/\/www.europesays.com\/ee\/wp-json\/wp\/v2\/posts"}],"about":[{"href":"https:\/\/www.europesays.com\/ee\/wp-json\/wp\/v2\/types\/post"}],"author":[{"embeddable":true,"href":"https:\/\/www.europesays.com\/ee\/wp-json\/wp\/v2\/users\/2"}],"replies":[{"embeddable":true,"href":"https:\/\/www.europesays.com\/ee\/wp-json\/wp\/v2\/comments?post=113222"}],"version-history":[{"count":0,"href":"https:\/\/www.europesays.com\/ee\/wp-json\/wp\/v2\/posts\/113222\/revisions"}],"wp:featuredmedia":[{"embeddable":true,"href":"https:\/\/www.europesays.com\/ee\/wp-json\/wp\/v2\/media\/113223"}],"wp:attachment":[{"href":"https:\/\/www.europesays.com\/ee\/wp-json\/wp\/v2\/media?parent=113222"}],"wp:term":[{"taxonomy":"category","embeddable":true,"href":"https:\/\/www.europesays.com\/ee\/wp-json\/wp\/v2\/categories?post=113222"},{"taxonomy":"post_tag","embeddable":true,"href":"https:\/\/www.europesays.com\/ee\/wp-json\/wp\/v2\/tags?post=113222"}],"curies":[{"name":"wp","href":"https:\/\/api.w.org\/{rel}","templated":true}]}}